{"id":5720,"date":"2014-02-26T14:17:29","date_gmt":"2014-02-26T13:17:29","guid":{"rendered":"http:\/\/ulliso.se\/blog\/?p=5720"},"modified":"2014-02-26T14:17:29","modified_gmt":"2014-02-26T13:17:29","slug":"onsdag-11","status":"publish","type":"post","link":"https:\/\/ulliso.se\/blog\/?p=5720","title":{"rendered":"Onsdag"},"content":{"rendered":"<p>Sov extra gott inatt. Det berodde p\u00e5 att s\u00e4ngkl\u00e4derna var nytv\u00e4ttade. \u00c4lskar verkligen att sova i nytv\u00e4ttade s\u00e4ngkl\u00e4der.<\/p>\n<p>Jag sov s\u00e5 gott s\u00e5 det k\u00e4ndes verkligen j\u00e4ttejobbigt att stiga upp idag! Jag \u00e4r verkligen s\u00e5 himla tr\u00f6tt nu! Men jag tror att det beror p\u00e5 att jag har n\u00e5got skit i kroppen. Jag dr\u00f6mde en hel massa ocks\u00e5, dr\u00f6mde bl.a. om Claes Malmberg. Haha! Jag dr\u00f6mde att han bodde p\u00e5 \u00e4ldreboendet Vidablick i Ronneby och att jag hj\u00e4lpte honom att g\u00e5 p\u00e5 toa eftersom han <em>l\u00e5g<\/em> (??!) ner i en rullstol. Kn\u00e4ppa dr\u00f6mmar!<\/p>\n<p>N\u00e4r jag v\u00e4l klev upp, s\u00e5 blev det som n\u00e4stan alltid n\u00e4r jag kliver upp = jag s\u00e4tter p\u00e5 en maskin med disk och en med tv\u00e4tt. Nu \u00e4r jag inne p\u00e5 maskin nr tv\u00e5 med tv\u00e4tten.<\/p>\n<p>Det blir ett bildl\u00f6st inl\u00e4gg idag. Idag \u00e4r n\u00e4mligen ingen fin dag att fota. Gr\u00e5tt, bl\u00f6tt och slaskigt. Sommaren, du \u00e4r s\u00e5 v\u00e4lkommen nu!<\/p>\n","protected":false},"excerpt":{"rendered":"<p>Sov extra gott inatt. Det berodde p\u00e5 att s\u00e4ngkl\u00e4derna var nytv\u00e4ttade. \u00c4lskar verkligen att sova i nytv\u00e4ttade s\u00e4ngkl\u00e4der. Jag sov s\u00e5 gott s\u00e5 det k\u00e4ndes verkligen j\u00e4ttejobbigt att stiga upp idag! Jag \u00e4r verkligen s\u00e5 himla tr\u00f6tt nu! Men jag tror att det beror p\u00e5 att jag har n\u00e5got skit i kroppen. Jag dr\u00f6mde en [&hellip;]<\/p>\n","protected":false},"author":1,"featured_media":0,"comment_status":"open","ping_status":"open","sticky":false,"template":"","format":"standard","meta":{"ngg_post_thumbnail":0},"categories":[6],"tags":[],"_links":{"self":[{"href":"https:\/\/ulliso.se\/blog\/index.php?rest_route=\/wp\/v2\/posts\/5720"}],"collection":[{"href":"https:\/\/ulliso.se\/blog\/index.php?rest_route=\/wp\/v2\/posts"}],"about":[{"href":"https:\/\/ulliso.se\/blog\/index.php?rest_route=\/wp\/v2\/types\/post"}],"author":[{"embeddable":true,"href":"https:\/\/ulliso.se\/blog\/index.php?rest_route=\/wp\/v2\/users\/1"}],"replies":[{"embeddable":true,"href":"https:\/\/ulliso.se\/blog\/index.php?rest_route=%2Fwp%2Fv2%2Fcomments&post=5720"}],"version-history":[{"count":1,"href":"https:\/\/ulliso.se\/blog\/index.php?rest_route=\/wp\/v2\/posts\/5720\/revisions"}],"predecessor-version":[{"id":5721,"href":"https:\/\/ulliso.se\/blog\/index.php?rest_route=\/wp\/v2\/posts\/5720\/revisions\/5721"}],"wp:attachment":[{"href":"https:\/\/ulliso.se\/blog\/index.php?rest_route=%2Fwp%2Fv2%2Fmedia&parent=5720"}],"wp:term":[{"taxonomy":"category","embeddable":true,"href":"https:\/\/ulliso.se\/blog\/index.php?rest_route=%2Fwp%2Fv2%2Fcategories&post=5720"},{"taxonomy":"post_tag","embeddable":true,"href":"https:\/\/ulliso.se\/blog\/index.php?rest_route=%2Fwp%2Fv2%2Ftags&post=5720"}],"curies":[{"name":"wp","href":"https:\/\/api.w.org\/{rel}","templated":true}]}}