{"id":5731,"date":"2014-03-16T22:28:06","date_gmt":"2014-03-16T21:28:06","guid":{"rendered":"http:\/\/ulliso.se\/blog\/?p=5731"},"modified":"2014-03-16T22:28:06","modified_gmt":"2014-03-16T21:28:06","slug":"helgens-middagar","status":"publish","type":"post","link":"https:\/\/ulliso.se\/blog\/?p=5731","title":{"rendered":"Helgens middagar"},"content":{"rendered":"<p>Vi har testat nya saker till middag b\u00e5de ig\u00e5r och idag.<\/p>\n<p>Ig\u00e5r gjorde vi kebab med pommes och sallad h\u00e4r hemma (men just det \u00e4r inte s\u00e5 nytt iofs). Men det som var nytt med det, var att vi testade ett nytt kebabk\u00f6tt <em>(plus en annan s\u00e5s, men mer om det l\u00e4ngre ner)<\/em>.<\/p>\n<p>Jag b\u00f6rjar med att skriva om kebabk\u00f6ttet! Jag tycker inte om de d\u00e4r ot\u00e4cka, tjocka, fyrkantiga kebabsplitten, jag vill ha de d\u00e4r tunna &#8221;flarnen&#8221;. Vi har dock inte v\u00e5gat testa annat kebabk\u00f6tt \u00e4n de d\u00e4r hemska splitten, s\u00e5 jag har inte velat \u00e4ta kebab p\u00e5 evigheter. Men ig\u00e5r v\u00e5gade vi \u00e4ntligen till p\u00e5 ett annat k\u00f6tt, n\u00e4mligen <a href=\"http:\/\/www.vasteraskebab.se\/index.php\/produkter\" target=\"_blank\">DETTA<\/a>. Och j\u00e4klar s\u00e5 gott det var!<\/p>\n<p>Nu ska jag komma in p\u00e5 det allra viktigaste n\u00e4r det kommer till kebab, n\u00e4mligen <strong>S\u00c5SEN<\/strong>! I Ronneby\/Karlskrona finns en speciell kebabs\u00e5s som \u00e4r <em>EPISK<\/em>! Man kan icke f\u00e5 denna s\u00e5s i \u00f6vriga Sverige, tro mig! Jag har provsmakat en hel del. \u00a0I \u00f6vriga Sverige finns bara ot\u00e4cka, majon\u00e4siga och tjocka s\u00e5ser, som de dessutom sn\u00e5lar med. Man f\u00e5r en liten ynka klick s\u00e5s. Ber man om extra s\u00e5 f\u00e5r man bara en halv deciliter, typ. Man ska ha MYCKET s\u00e5s till kebab, och s\u00e5sen ska vara <em>rinnande<\/em>, INTE tjock.<\/p>\n<p>P\u00e5 kebabst\u00e4llet h\u00e4r i \u00a0Pite\u00e5 s\u00e5 \u00e4r s\u00e5sen godk\u00e4nd, men den smakar tyv\u00e4rr inte <em>helt<\/em> som jag vill ha den *kr\u00e4sen* och \u00e4ven d\u00e4r sn\u00e5las det tyv\u00e4rr med s\u00e5sen.<\/p>\n<p>I \u00f6vriga Sverige serveras ocks\u00e5 den f\u00f6rhatliga, ot\u00e4cka r\u00f6da s\u00e5sen till. <em>Du skall <strong>icke<\/strong> hava r\u00f6d s\u00e5s till din kebab!<\/em> Det \u00e4r ett djungelordspr\u00e5k fr\u00e5n Ronneby\/Karlskrona. ;)<\/p>\n<p>N\u00e5v\u00e4l. Eftersom jag ju saknar Blekinge-s\u00e5sen s\u00e5 himla mycket nu sen jag flyttade hit, s\u00e5 \u00a0har jag s\u00e5klart f\u00f6rs\u00f6kt googla efter ett recept p\u00e5 den d\u00e4r ljuvliga s\u00e5sen, men recepten \u00e4r hemliga. D\u00e5 har jag f\u00f6rs\u00f6kt hitta snarlika, och jag hittade \u00a0till slut ett recept som jag nu k\u00f6rt i n\u00e5gra \u00e5r. Men jag har inte varit <em>helt<\/em> n\u00f6jd med den heller. Sa jag att jag \u00e4r kr\u00e4sen n\u00e4r det g\u00e4ller kebabs\u00e5s? ;)<\/p>\n<p>MEN! F\u00f6r ett tag sedan ramlade jag \u00f6ver ett annat <a href=\"http:\/\/kryddburken.se\/2013\/06\/02\/hemligheten-bakom-den-godaste-kebabsasen\/\" target=\"_blank\">recept<\/a>. Och det receptet testade vi ig\u00e5r. Och h\u00f6r &amp; h\u00e4pna! Den var faktiskt det n\u00e4rmaste Ronneby-s\u00e5s jag smakat! Jag var i himmelriket! S\u00e5 nu ska jag bara anv\u00e4nda mig av det receptet i forts\u00e4ttningen!<\/p>\n<p><a href=\"https:\/\/ulliso.se\/blog\/wp-content\/uploads\/2014\/03\/IMG_0918.jpg\"><img loading=\"lazy\" class=\"alignnone size-medium wp-image-5732\" alt=\"IMG_0918\" src=\"https:\/\/ulliso.se\/blog\/wp-content\/uploads\/2014\/03\/IMG_0918-300x283.jpg\" width=\"300\" height=\"283\" srcset=\"https:\/\/ulliso.se\/blog\/wp-content\/uploads\/2014\/03\/IMG_0918-300x283.jpg 300w, https:\/\/ulliso.se\/blog\/wp-content\/uploads\/2014\/03\/IMG_0918.jpg 900w\" sizes=\"(max-width: 300px) 100vw, 300px\" \/><\/a><\/p>\n<p>&nbsp;<\/p>\n<p>&nbsp;<\/p>\n<p>\u00d6ver till middagen idag, s\u00f6ndag d\u00e5! Jo, det var s\u00e5 h\u00e4r: n\u00e4r jag var p\u00e5 min praktikplats i januari s\u00e5 satt jag och bl\u00e4ddrade i en veckotidning och hittade d\u00e5 ett recept, <a href=\"http:\/\/www.hemmetsjournal.se\/mat\/Sondagsrulader\/recept-11620\" target=\"_blank\">s\u00f6ndagsrulader<\/a>,\u00a0\u00a0som jag ville prova. S\u00e5 det har vi gjort idag! \u00a0Det var j\u00e4ttegott! S\u00e5sen var jag s\u00e4rskilt n\u00f6jd med. Tyv\u00e4rr gl\u00f6mde jag att fota dagens middag.<\/p>\n<p>&nbsp;<\/p>\n","protected":false},"excerpt":{"rendered":"<p>Vi har testat nya saker till middag b\u00e5de ig\u00e5r och idag. Ig\u00e5r gjorde vi kebab med pommes och sallad h\u00e4r hemma (men just det \u00e4r inte s\u00e5 nytt iofs). Men det som var nytt med det, var att vi testade ett nytt kebabk\u00f6tt (plus en annan s\u00e5s, men mer om det l\u00e4ngre ner). Jag b\u00f6rjar [&hellip;]<\/p>\n","protected":false},"author":1,"featured_media":0,"comment_status":"open","ping_status":"open","sticky":false,"template":"","format":"standard","meta":{"ngg_post_thumbnail":0},"categories":[6],"tags":[],"_links":{"self":[{"href":"https:\/\/ulliso.se\/blog\/index.php?rest_route=\/wp\/v2\/posts\/5731"}],"collection":[{"href":"https:\/\/ulliso.se\/blog\/index.php?rest_route=\/wp\/v2\/posts"}],"about":[{"href":"https:\/\/ulliso.se\/blog\/index.php?rest_route=\/wp\/v2\/types\/post"}],"author":[{"embeddable":true,"href":"https:\/\/ulliso.se\/blog\/index.php?rest_route=\/wp\/v2\/users\/1"}],"replies":[{"embeddable":true,"href":"https:\/\/ulliso.se\/blog\/index.php?rest_route=%2Fwp%2Fv2%2Fcomments&post=5731"}],"version-history":[{"count":1,"href":"https:\/\/ulliso.se\/blog\/index.php?rest_route=\/wp\/v2\/posts\/5731\/revisions"}],"predecessor-version":[{"id":5733,"href":"https:\/\/ulliso.se\/blog\/index.php?rest_route=\/wp\/v2\/posts\/5731\/revisions\/5733"}],"wp:attachment":[{"href":"https:\/\/ulliso.se\/blog\/index.php?rest_route=%2Fwp%2Fv2%2Fmedia&parent=5731"}],"wp:term":[{"taxonomy":"category","embeddable":true,"href":"https:\/\/ulliso.se\/blog\/index.php?rest_route=%2Fwp%2Fv2%2Fcategories&post=5731"},{"taxonomy":"post_tag","embeddable":true,"href":"https:\/\/ulliso.se\/blog\/index.php?rest_route=%2Fwp%2Fv2%2Ftags&post=5731"}],"curies":[{"name":"wp","href":"https:\/\/api.w.org\/{rel}","templated":true}]}}