{"id":5783,"date":"2014-04-18T22:21:59","date_gmt":"2014-04-18T20:21:59","guid":{"rendered":"http:\/\/ulliso.se\/blog\/?p=5783"},"modified":"2014-04-18T22:21:59","modified_gmt":"2014-04-18T20:21:59","slug":"en-harlig-langfredag","status":"publish","type":"post","link":"https:\/\/ulliso.se\/blog\/?p=5783","title":{"rendered":"En h\u00e4rlig l\u00e5ngfredag"},"content":{"rendered":"<p>Ja, det har ju inte blivit s\u00e5 mycket skrivet h\u00e4r p\u00e5 denna bloggen p\u00e5 sistone. Har haft fullt upp med att fota teman till <a href=\"http:\/\/ulliso.se\/365\" target=\"_blank\">min andra 365-blogg<\/a>.<\/p>\n<p>Men sen har man ju lite jobb, familjen ska tas om hand, middagar ska lagas, tv\u00e4tt ska tv\u00e4ttas och tas hand om, disk ska diskas, man ska st\u00e4da, hinna tr\u00e4na, hinna plugga, osv. Ja, ni vet ju hur det \u00e4r med det som kallas vardag.<\/p>\n<p>P\u00e5 tal om plugg s\u00e5 har jag ju g\u00e5tt f\u00e4rdigt min kurs &#8221;<a href=\"http:\/\/www.hermods.se\/Utbildning\/Vuxenutbildning\/Kursutbud-for-kommuner1\/Vard-och-omsorg-vid-demenssjukdom\/\" target=\"_blank\"><em>V\u00e5rd och omsorg vid demenssjukdom<\/em><\/a>&#8221;, som jag l\u00e4st p\u00e5 distans via Hermods. Jag fick ett <strong>C<\/strong> i kursen, vilket jag \u00e4r v\u00e4ldigt n\u00f6jd med! P\u00e5 m\u00e5ndag b\u00f6rjar jag ytterligare en ny kurs p\u00e5 distans via Hermods: &#8221;<a href=\"http:\/\/www.hermods.se\/Utbildning\/Vuxenutbildning\/Kursutbud-for-kommuner1\/Lindrande-vard\/\" target=\"_blank\"><em>Palliativ v\u00e5rd<\/em><\/a>&#8221; heter den kursen. B\u00e5da dessa kurserna har jag stor nytta av i mitt arbete som undersk\u00f6terska.<\/p>\n<p>Jag fascineras v\u00e4ldigt mycket av demenssjukdomar. Det \u00e4r v\u00e4ldigt roligt och intressant att jobba med personer som har en demenssjukdom. Jag har dessutom planer p\u00e5 att l\u00e4sa <em>minst<\/em> tv\u00e5 kurser till efter denna. Det \u00e4r bara att k\u00f6ra p\u00e5 med pluggandet nu n\u00e4r jag \u00e4r inne i detta med pluggande sedan jag gick min utbildning till undersk\u00f6terska.<\/p>\n<p>Men, nog om det nu! Idag \u00e4r det iallafall l\u00e5ngfredag. Jag och Ida b\u00f6rjade dagen med ett bes\u00f6k p\u00e5 gymmet. D\u00e4r tr\u00e4nade vi p\u00e5 hennes nacktr\u00e4ningsprogram plus att jag gjorde lite ben\u00f6vningar. Ben\u00f6vningar \u00e4r det roligaste\u00a0jag vet att tr\u00e4na p\u00e5 gymmet.<\/p>\n<p>Sen efter det s\u00e5 var jag och Jonas ut till Furun\u00e4set d\u00e4r vi t\u00e4nkte s\u00e4tta oss och sola, men &#8221;v\u00e5r&#8221; solplats var redan upptagen. Men vi gick iallafall bort till bl\u00e5sippest\u00e4llet och fotade dessa sk\u00f6nheter. Jag lyssnade \u00e4ven p\u00e5 <a href=\"https:\/\/www.youtube.com\/watch?v=CiImeIAq2tA\" target=\"_blank\">f\u00e5gelkvitter<\/a>.<\/p>\n<p>Vi best\u00e4mde oss sedan f\u00f6r att ist\u00e4llet \u00e5ka ut till Gl\u00e4ntan med v\u00e5ra solstolar. D\u00e4r uppt\u00e4ckte vi att isen var helt borta och havets <a href=\"https:\/\/www.youtube.com\/watch?v=M4bv4mqVg1o\" target=\"_blank\">underbara ljud<\/a> h\u00f6rdes. Vi var d\u00e4r f\u00f6r ca 2 veckor sedan, och d\u00e5 var isen n\u00e4rmast stranden fortfarande kvar. S\u00e5 det g\u00e5r ju oerh\u00f6rt fort med issm\u00e4ltningen n\u00e4r det v\u00e4l h\u00e4nder. Just nu v\u00e4ntar vi p\u00e5 att isen h\u00e4r ute p\u00e5 fj\u00e4rden ska f\u00f6rsvinna helt och h\u00e5llet.<\/p>\n<p>N\u00e5got annat vi g\u00e5r och v\u00e4ntar p\u00e5 just nu, \u00e4r ett bes\u00f6k fr\u00e5n s\u00f6dern. Barnens pappa kommer n\u00e4mligen hit upp om ungef\u00e4r tre veckor. Han ska stanna i drygt 5 dagar. Det \u00e4r<em> j\u00e4tteroligt<\/em> att han \u00e4ntligen kan komma hit upp och se hur barnen (och vi) har det. :) Han fl\u00f6g upp med barnen till Lule\u00e5 en g\u00e5ng, men \u00a0han \u00e5kte igen med v\u00e4ndande plan tillbaks. S\u00e5 nu ska vi \u00e4ntligen f\u00e5 visa honom Pite\u00e5, \u00e4ven om han f\u00f6rst och fr\u00e4mst \u00e4r h\u00e4r f\u00f6r att tr\u00e4ffa barnen. Han ska bl.a. f\u00f6lja med Emmy till skolan en dag.<\/p>\n<p><!-- index.php -->\n<div\n\tclass=\"ngg-galleryoverview ngg-ajax-pagination-none\"\n\tid=\"ngg-gallery-5798-1\">\n\n    \t<div class=\"slideshowlink\">\n        <a href='https:\/\/ulliso.se\/blog\/index.php\/nggallery\/slideshow?p=5783'>[Show as slideshow]<\/a>\n\t\t\n\t<\/div>\n\t\t\t<!-- Thumbnails -->\n\t\t\t\t<div id=\"ngg-image-0\" class=\"ngg-gallery-thumbnail-box\" >\n\t\t\t\t        <div class=\"ngg-gallery-thumbnail\">\n            <a href=\"https:\/\/ulliso.se\/blog\/wp-content\/gallery\/langfredag\/IMG_1845.JPG\"\n               title=\"Bl\u00e5sippor.\"\n               data-src=\"https:\/\/ulliso.se\/blog\/wp-content\/gallery\/langfredag\/IMG_1845.JPG\"\n               data-thumbnail=\"https:\/\/ulliso.se\/blog\/wp-content\/gallery\/langfredag\/thumbs\/thumbs_IMG_1845.JPG\"\n               data-image-id=\"916\"\n               data-title=\"IMG_1845\"\n               data-description=\"Bl\u00e5sippor.\"\n               data-image-slug=\"img_1845\"\n               class=\"shutterset_5798\">\n                <img\n                    title=\"IMG_1845\"\n                    alt=\"IMG_1845\"\n                    src=\"https:\/\/ulliso.se\/blog\/wp-content\/gallery\/langfredag\/thumbs\/thumbs_IMG_1845.JPG\"\n                    width=\"100\"\n                    height=\"75\"\n                    style=\"max-width:100%;\"\n                \/>\n            <\/a>\n        <\/div>\n\t\t\t\t\t\t\t<\/div> \n\t\t\t\n        \n\t\t\t\t<div id=\"ngg-image-1\" class=\"ngg-gallery-thumbnail-box\" >\n\t\t\t\t        <div class=\"ngg-gallery-thumbnail\">\n            <a href=\"https:\/\/ulliso.se\/blog\/wp-content\/gallery\/langfredag\/IMG_1848.JPG\"\n               title=\"Fina!\"\n               data-src=\"https:\/\/ulliso.se\/blog\/wp-content\/gallery\/langfredag\/IMG_1848.JPG\"\n               data-thumbnail=\"https:\/\/ulliso.se\/blog\/wp-content\/gallery\/langfredag\/thumbs\/thumbs_IMG_1848.JPG\"\n               data-image-id=\"917\"\n               data-title=\"IMG_1848\"\n               data-description=\"Fina!\"\n               data-image-slug=\"img_1848\"\n               class=\"shutterset_5798\">\n                <img\n                    title=\"IMG_1848\"\n                    alt=\"IMG_1848\"\n                    src=\"https:\/\/ulliso.se\/blog\/wp-content\/gallery\/langfredag\/thumbs\/thumbs_IMG_1848.JPG\"\n                    width=\"100\"\n                    height=\"75\"\n                    style=\"max-width:100%;\"\n                \/>\n            <\/a>\n        <\/div>\n\t\t\t\t\t\t\t<\/div> \n\t\t\t\n        \n\t\t\t\t<div id=\"ngg-image-2\" class=\"ngg-gallery-thumbnail-box\" >\n\t\t\t\t        <div class=\"ngg-gallery-thumbnail\">\n            <a href=\"https:\/\/ulliso.se\/blog\/wp-content\/gallery\/langfredag\/IMG_1853.JPG\"\n               title=\"Ett isfritt Gl\u00e4ntan!\"\n               data-src=\"https:\/\/ulliso.se\/blog\/wp-content\/gallery\/langfredag\/IMG_1853.JPG\"\n               data-thumbnail=\"https:\/\/ulliso.se\/blog\/wp-content\/gallery\/langfredag\/thumbs\/thumbs_IMG_1853.JPG\"\n               data-image-id=\"918\"\n               data-title=\"IMG_1853\"\n               data-description=\"Ett isfritt Gl\u00e4ntan!\"\n               data-image-slug=\"img_1853\"\n               class=\"shutterset_5798\">\n                <img\n                    title=\"IMG_1853\"\n                    alt=\"IMG_1853\"\n                    src=\"https:\/\/ulliso.se\/blog\/wp-content\/gallery\/langfredag\/thumbs\/thumbs_IMG_1853.JPG\"\n                    width=\"100\"\n                    height=\"75\"\n                    style=\"max-width:100%;\"\n                \/>\n            <\/a>\n        <\/div>\n\t\t\t\t\t\t\t<\/div> \n\t\t\t\n        \n\t\t\t\t<div id=\"ngg-image-3\" class=\"ngg-gallery-thumbnail-box\" >\n\t\t\t\t        <div class=\"ngg-gallery-thumbnail\">\n            <a href=\"https:\/\/ulliso.se\/blog\/wp-content\/gallery\/langfredag\/IMG_1862.JPG\"\n               title=\"T\u00e4nk att man snart kan bada h\u00e4r!\"\n               data-src=\"https:\/\/ulliso.se\/blog\/wp-content\/gallery\/langfredag\/IMG_1862.JPG\"\n               data-thumbnail=\"https:\/\/ulliso.se\/blog\/wp-content\/gallery\/langfredag\/thumbs\/thumbs_IMG_1862.JPG\"\n               data-image-id=\"919\"\n               data-title=\"IMG_1862\"\n               data-description=\"T\u00e4nk att man snart kan bada h\u00e4r!\"\n               data-image-slug=\"img_1862\"\n               class=\"shutterset_5798\">\n                <img\n                    title=\"IMG_1862\"\n                    alt=\"IMG_1862\"\n                    src=\"https:\/\/ulliso.se\/blog\/wp-content\/gallery\/langfredag\/thumbs\/thumbs_IMG_1862.JPG\"\n                    width=\"100\"\n                    height=\"75\"\n                    style=\"max-width:100%;\"\n                \/>\n            <\/a>\n        <\/div>\n\t\t\t\t\t\t\t<\/div> \n\t\t\t\n        \n\t\t\t\t<div id=\"ngg-image-4\" class=\"ngg-gallery-thumbnail-box\" >\n\t\t\t\t        <div class=\"ngg-gallery-thumbnail\">\n            <a href=\"https:\/\/ulliso.se\/blog\/wp-content\/gallery\/langfredag\/IMG_1867.JPG\"\n               title=\"Fotsp\u00e5r i sanden.\"\n               data-src=\"https:\/\/ulliso.se\/blog\/wp-content\/gallery\/langfredag\/IMG_1867.JPG\"\n               data-thumbnail=\"https:\/\/ulliso.se\/blog\/wp-content\/gallery\/langfredag\/thumbs\/thumbs_IMG_1867.JPG\"\n               data-image-id=\"920\"\n               data-title=\"IMG_1867\"\n               data-description=\"Fotsp\u00e5r i sanden.\"\n               data-image-slug=\"img_1867\"\n               class=\"shutterset_5798\">\n                <img\n                    title=\"IMG_1867\"\n                    alt=\"IMG_1867\"\n                    src=\"https:\/\/ulliso.se\/blog\/wp-content\/gallery\/langfredag\/thumbs\/thumbs_IMG_1867.JPG\"\n                    width=\"100\"\n                    height=\"75\"\n                    style=\"max-width:100%;\"\n                \/>\n            <\/a>\n        <\/div>\n\t\t\t\t\t\t\t<\/div> \n\t\t\t\n        \n\t\t\n\t\t<!-- Pagination -->\n\t<div class='ngg-clear'><\/div>\t<\/div>\n<\/p>\n<p>&nbsp;<\/p>\n","protected":false},"excerpt":{"rendered":"<p>Ja, det har ju inte blivit s\u00e5 mycket skrivet h\u00e4r p\u00e5 denna bloggen p\u00e5 sistone. Har haft fullt upp med att fota teman till min andra 365-blogg. Men sen har man ju lite jobb, familjen ska tas om hand, middagar ska lagas, tv\u00e4tt ska tv\u00e4ttas och tas hand om, disk ska diskas, man ska st\u00e4da, [&hellip;]<\/p>\n","protected":false},"author":1,"featured_media":0,"comment_status":"open","ping_status":"open","sticky":false,"template":"","format":"standard","meta":{"ngg_post_thumbnail":0},"categories":[6],"tags":[],"_links":{"self":[{"href":"https:\/\/ulliso.se\/blog\/index.php?rest_route=\/wp\/v2\/posts\/5783"}],"collection":[{"href":"https:\/\/ulliso.se\/blog\/index.php?rest_route=\/wp\/v2\/posts"}],"about":[{"href":"https:\/\/ulliso.se\/blog\/index.php?rest_route=\/wp\/v2\/types\/post"}],"author":[{"embeddable":true,"href":"https:\/\/ulliso.se\/blog\/index.php?rest_route=\/wp\/v2\/users\/1"}],"replies":[{"embeddable":true,"href":"https:\/\/ulliso.se\/blog\/index.php?rest_route=%2Fwp%2Fv2%2Fcomments&post=5783"}],"version-history":[{"count":3,"href":"https:\/\/ulliso.se\/blog\/index.php?rest_route=\/wp\/v2\/posts\/5783\/revisions"}],"predecessor-version":[{"id":5799,"href":"https:\/\/ulliso.se\/blog\/index.php?rest_route=\/wp\/v2\/posts\/5783\/revisions\/5799"}],"wp:attachment":[{"href":"https:\/\/ulliso.se\/blog\/index.php?rest_route=%2Fwp%2Fv2%2Fmedia&parent=5783"}],"wp:term":[{"taxonomy":"category","embeddable":true,"href":"https:\/\/ulliso.se\/blog\/index.php?rest_route=%2Fwp%2Fv2%2Fcategories&post=5783"},{"taxonomy":"post_tag","embeddable":true,"href":"https:\/\/ulliso.se\/blog\/index.php?rest_route=%2Fwp%2Fv2%2Ftags&post=5783"}],"curies":[{"name":"wp","href":"https:\/\/api.w.org\/{rel}","templated":true}]}}