{"id":5821,"date":"2014-05-04T21:38:53","date_gmt":"2014-05-04T19:38:53","guid":{"rendered":"http:\/\/ulliso.se\/blog\/?p=5821"},"modified":"2014-05-04T21:38:53","modified_gmt":"2014-05-04T19:38:53","slug":"forsta-sondagen-i-maj","status":"publish","type":"post","link":"https:\/\/ulliso.se\/blog\/?p=5821","title":{"rendered":"F\u00f6rsta s\u00f6ndagen i maj!"},"content":{"rendered":"<p>Idag har vi verkligen varit effektiva. Vi b\u00f6rjade v\u00e5r dag med att \u00e5ka och\u00a0k\u00f6pa h\u00f6 till marsvinen. Det \u00e4r verkligen lokalproducerat, eftersom vi k\u00f6pte det i H\u00f6glandsn\u00e4s, som ligger alldeles i n\u00e4rheten av Hortlax.<\/p>\n<p>Sen st\u00e4dade och tv\u00e4ttade vi Jonas bil, s\u00e5 nu \u00e4r den riktigt fin. N\u00e4r vi kom hem s\u00e5 bar vi ner lite saker i v\u00e5rt k\u00e4llarf\u00f6rr\u00e5d. Men sen var vi lite lata och best\u00e4llde hem mat. Men det f\u00e5r man lov att g\u00f6ra ibland faktiskt!<\/p>\n<p>Efter maten oljade vi in k\u00f6ksbordet och sk\u00e4nken som vi har i k\u00f6ket. Toaletterna st\u00e4dades och dammsugaren fick jobba lite. Jag har fixat med disk och tv\u00e4tt ocks\u00e5. Nu ikv\u00e4ll har jag bakat fr\u00f6kn\u00e4cke och kokat \u00e4gg till frukosten imorgon bitti.<\/p>\n<p>Snart ska jag \u00e4ta lite kv\u00e4llsmat, och sedan ska det bli sk\u00f6nt att krypa ner i s\u00e4ngen, i v\u00e5ra renb\u00e4ddade lakan. Det \u00e4r alltid lika h\u00e4rligt!<\/p>\n<p>Imorgon ska jag veckohandla inf\u00f6r veckan. P\u00e5 torsdag kommer \u00e4ntligen barnens pappa hit upp! Det ska bli trevligt! Kul att man f\u00e5r n\u00e5got bes\u00f6k fr\u00e5n s\u00f6dern. ;)<\/p>\n<p><!-- index.php -->\n<div\n\tclass=\"ngg-galleryoverview ngg-ajax-pagination-none\"\n\tid=\"ngg-gallery-5822-1\">\n\n    \t<div class=\"slideshowlink\">\n        <a href='https:\/\/ulliso.se\/blog\/index.php\/nggallery\/slideshow?p=5821'>[Show as slideshow]<\/a>\n\t\t\n\t<\/div>\n\t\t\t<!-- Thumbnails -->\n\t\t\t\t<div id=\"ngg-image-0\" class=\"ngg-gallery-thumbnail-box\" >\n\t\t\t\t        <div class=\"ngg-gallery-thumbnail\">\n            <a href=\"https:\/\/ulliso.se\/blog\/wp-content\/gallery\/4maj14\/01.JPG\"\n               title=\"Sp\u00e5r i sanden...\"\n               data-src=\"https:\/\/ulliso.se\/blog\/wp-content\/gallery\/4maj14\/01.JPG\"\n               data-thumbnail=\"https:\/\/ulliso.se\/blog\/wp-content\/gallery\/4maj14\/thumbs\/thumbs_01.JPG\"\n               data-image-id=\"921\"\n               data-title=\"01\"\n               data-description=\"Sp\u00e5r i sanden...\"\n               data-image-slug=\"01-10\"\n               class=\"shutterset_5822\">\n                <img\n                    title=\"01\"\n                    alt=\"01\"\n                    src=\"https:\/\/ulliso.se\/blog\/wp-content\/gallery\/4maj14\/thumbs\/thumbs_01.JPG\"\n                    width=\"100\"\n                    height=\"75\"\n                    style=\"max-width:100%;\"\n                \/>\n            <\/a>\n        <\/div>\n\t\t\t\t\t\t\t<\/div> \n\t\t\t\n        \n\t\t\t\t<div id=\"ngg-image-1\" class=\"ngg-gallery-thumbnail-box\" >\n\t\t\t\t        <div class=\"ngg-gallery-thumbnail\">\n            <a href=\"https:\/\/ulliso.se\/blog\/wp-content\/gallery\/4maj14\/02.JPG\"\n               title=\"Emmy har ritat i sanden.\"\n               data-src=\"https:\/\/ulliso.se\/blog\/wp-content\/gallery\/4maj14\/02.JPG\"\n               data-thumbnail=\"https:\/\/ulliso.se\/blog\/wp-content\/gallery\/4maj14\/thumbs\/thumbs_02.JPG\"\n               data-image-id=\"922\"\n               data-title=\"02\"\n               data-description=\"Emmy har ritat i sanden.\"\n               data-image-slug=\"02-10\"\n               class=\"shutterset_5822\">\n                <img\n                    title=\"02\"\n                    alt=\"02\"\n                    src=\"https:\/\/ulliso.se\/blog\/wp-content\/gallery\/4maj14\/thumbs\/thumbs_02.JPG\"\n                    width=\"100\"\n                    height=\"75\"\n                    style=\"max-width:100%;\"\n                \/>\n            <\/a>\n        <\/div>\n\t\t\t\t\t\t\t<\/div> \n\t\t\t\n        \n\t\t\t\t<div id=\"ngg-image-2\" class=\"ngg-gallery-thumbnail-box\" >\n\t\t\t\t        <div class=\"ngg-gallery-thumbnail\">\n            <a href=\"https:\/\/ulliso.se\/blog\/wp-content\/gallery\/4maj14\/03.JPG\"\n               title=\"Sn\u00f6 i maj.\"\n               data-src=\"https:\/\/ulliso.se\/blog\/wp-content\/gallery\/4maj14\/03.JPG\"\n               data-thumbnail=\"https:\/\/ulliso.se\/blog\/wp-content\/gallery\/4maj14\/thumbs\/thumbs_03.JPG\"\n               data-image-id=\"923\"\n               data-title=\"03\"\n               data-description=\"Sn\u00f6 i maj.\"\n               data-image-slug=\"03-10\"\n               class=\"shutterset_5822\">\n                <img\n                    title=\"03\"\n                    alt=\"03\"\n                    src=\"https:\/\/ulliso.se\/blog\/wp-content\/gallery\/4maj14\/thumbs\/thumbs_03.JPG\"\n                    width=\"100\"\n                    height=\"75\"\n                    style=\"max-width:100%;\"\n                \/>\n            <\/a>\n        <\/div>\n\t\t\t\t\t\t\t<\/div> \n\t\t\t\n        \n\t\t\t\t<div id=\"ngg-image-3\" class=\"ngg-gallery-thumbnail-box\" >\n\t\t\t\t        <div class=\"ngg-gallery-thumbnail\">\n            <a href=\"https:\/\/ulliso.se\/blog\/wp-content\/gallery\/4maj14\/04.JPG\"\n               title=\"Det haglar och sn\u00f6ar.\"\n               data-src=\"https:\/\/ulliso.se\/blog\/wp-content\/gallery\/4maj14\/04.JPG\"\n               data-thumbnail=\"https:\/\/ulliso.se\/blog\/wp-content\/gallery\/4maj14\/thumbs\/thumbs_04.JPG\"\n               data-image-id=\"924\"\n               data-title=\"04\"\n               data-description=\"Det haglar och sn\u00f6ar.\"\n               data-image-slug=\"04-9\"\n               class=\"shutterset_5822\">\n                <img\n                    title=\"04\"\n                    alt=\"04\"\n                    src=\"https:\/\/ulliso.se\/blog\/wp-content\/gallery\/4maj14\/thumbs\/thumbs_04.JPG\"\n                    width=\"100\"\n                    height=\"75\"\n                    style=\"max-width:100%;\"\n                \/>\n            <\/a>\n        <\/div>\n\t\t\t\t\t\t\t<\/div> \n\t\t\t\n        \n\t\t\t\t<div id=\"ngg-image-4\" class=\"ngg-gallery-thumbnail-box\" >\n\t\t\t\t        <div class=\"ngg-gallery-thumbnail\">\n            <a href=\"https:\/\/ulliso.se\/blog\/wp-content\/gallery\/4maj14\/05.JPG\"\n               title=\"Det sn\u00f6ar.\"\n               data-src=\"https:\/\/ulliso.se\/blog\/wp-content\/gallery\/4maj14\/05.JPG\"\n               data-thumbnail=\"https:\/\/ulliso.se\/blog\/wp-content\/gallery\/4maj14\/thumbs\/thumbs_05.JPG\"\n               data-image-id=\"925\"\n               data-title=\"05\"\n               data-description=\"Det sn\u00f6ar.\"\n               data-image-slug=\"05-10\"\n               class=\"shutterset_5822\">\n                <img\n                    title=\"05\"\n                    alt=\"05\"\n                    src=\"https:\/\/ulliso.se\/blog\/wp-content\/gallery\/4maj14\/thumbs\/thumbs_05.JPG\"\n                    width=\"100\"\n                    height=\"75\"\n                    style=\"max-width:100%;\"\n                \/>\n            <\/a>\n        <\/div>\n\t\t\t\t\t\t\t<\/div> \n\t\t\t\n        \n\t\t\t\t<div id=\"ngg-image-5\" class=\"ngg-gallery-thumbnail-box\" >\n\t\t\t\t        <div class=\"ngg-gallery-thumbnail\">\n            <a href=\"https:\/\/ulliso.se\/blog\/wp-content\/gallery\/4maj14\/06.JPG\"\n               title=\"Bakar fr\u00f6kn\u00e4cke. H\u00e4lften av produkterna \u00e4r ekologiska, bl.a. rapsoljan till v\u00e4nster.\"\n               data-src=\"https:\/\/ulliso.se\/blog\/wp-content\/gallery\/4maj14\/06.JPG\"\n               data-thumbnail=\"https:\/\/ulliso.se\/blog\/wp-content\/gallery\/4maj14\/thumbs\/thumbs_06.JPG\"\n               data-image-id=\"926\"\n               data-title=\"06\"\n               data-description=\"Bakar fr\u00f6kn\u00e4cke. H\u00e4lften av produkterna \u00e4r ekologiska, bl.a. rapsoljan till v\u00e4nster.\"\n               data-image-slug=\"06-10\"\n               class=\"shutterset_5822\">\n                <img\n                    title=\"06\"\n                    alt=\"06\"\n                    src=\"https:\/\/ulliso.se\/blog\/wp-content\/gallery\/4maj14\/thumbs\/thumbs_06.JPG\"\n                    width=\"100\"\n                    height=\"75\"\n                    style=\"max-width:100%;\"\n                \/>\n            <\/a>\n        <\/div>\n\t\t\t\t\t\t\t<\/div> \n\t\t\t\n        \n\t\t\t\t<div id=\"ngg-image-6\" class=\"ngg-gallery-thumbnail-box\" >\n\t\t\t\t        <div class=\"ngg-gallery-thumbnail\">\n            <a href=\"https:\/\/ulliso.se\/blog\/wp-content\/gallery\/4maj14\/07.JPG\"\n               title=\"Nu ska pl\u00e5ten in i ugnen.\"\n               data-src=\"https:\/\/ulliso.se\/blog\/wp-content\/gallery\/4maj14\/07.JPG\"\n               data-thumbnail=\"https:\/\/ulliso.se\/blog\/wp-content\/gallery\/4maj14\/thumbs\/thumbs_07.JPG\"\n               data-image-id=\"927\"\n               data-title=\"07\"\n               data-description=\"Nu ska pl\u00e5ten in i ugnen.\"\n               data-image-slug=\"07-10\"\n               class=\"shutterset_5822\">\n                <img\n                    title=\"07\"\n                    alt=\"07\"\n                    src=\"https:\/\/ulliso.se\/blog\/wp-content\/gallery\/4maj14\/thumbs\/thumbs_07.JPG\"\n                    width=\"100\"\n                    height=\"75\"\n                    style=\"max-width:100%;\"\n                \/>\n            <\/a>\n        <\/div>\n\t\t\t\t\t\t\t<\/div> \n\t\t\t\n        \n\t\t\n\t\t<!-- Pagination -->\n\t<div class='ngg-clear'><\/div>\t<\/div>\n<\/p>\n","protected":false},"excerpt":{"rendered":"<p>Idag har vi verkligen varit effektiva. Vi b\u00f6rjade v\u00e5r dag med att \u00e5ka och\u00a0k\u00f6pa h\u00f6 till marsvinen. Det \u00e4r verkligen lokalproducerat, eftersom vi k\u00f6pte det i H\u00f6glandsn\u00e4s, som ligger alldeles i n\u00e4rheten av Hortlax. Sen st\u00e4dade och tv\u00e4ttade vi Jonas bil, s\u00e5 nu \u00e4r den riktigt fin. N\u00e4r vi kom hem s\u00e5 bar vi ner [&hellip;]<\/p>\n","protected":false},"author":1,"featured_media":0,"comment_status":"open","ping_status":"open","sticky":false,"template":"","format":"standard","meta":{"ngg_post_thumbnail":0},"categories":[6],"tags":[],"_links":{"self":[{"href":"https:\/\/ulliso.se\/blog\/index.php?rest_route=\/wp\/v2\/posts\/5821"}],"collection":[{"href":"https:\/\/ulliso.se\/blog\/index.php?rest_route=\/wp\/v2\/posts"}],"about":[{"href":"https:\/\/ulliso.se\/blog\/index.php?rest_route=\/wp\/v2\/types\/post"}],"author":[{"embeddable":true,"href":"https:\/\/ulliso.se\/blog\/index.php?rest_route=\/wp\/v2\/users\/1"}],"replies":[{"embeddable":true,"href":"https:\/\/ulliso.se\/blog\/index.php?rest_route=%2Fwp%2Fv2%2Fcomments&post=5821"}],"version-history":[{"count":1,"href":"https:\/\/ulliso.se\/blog\/index.php?rest_route=\/wp\/v2\/posts\/5821\/revisions"}],"predecessor-version":[{"id":5823,"href":"https:\/\/ulliso.se\/blog\/index.php?rest_route=\/wp\/v2\/posts\/5821\/revisions\/5823"}],"wp:attachment":[{"href":"https:\/\/ulliso.se\/blog\/index.php?rest_route=%2Fwp%2Fv2%2Fmedia&parent=5821"}],"wp:term":[{"taxonomy":"category","embeddable":true,"href":"https:\/\/ulliso.se\/blog\/index.php?rest_route=%2Fwp%2Fv2%2Fcategories&post=5821"},{"taxonomy":"post_tag","embeddable":true,"href":"https:\/\/ulliso.se\/blog\/index.php?rest_route=%2Fwp%2Fv2%2Ftags&post=5821"}],"curies":[{"name":"wp","href":"https:\/\/api.w.org\/{rel}","templated":true}]}}