{"id":5829,"date":"2014-05-22T17:15:16","date_gmt":"2014-05-22T15:15:16","guid":{"rendered":"http:\/\/ulliso.se\/blog\/?p=5829"},"modified":"2014-05-22T17:15:16","modified_gmt":"2014-05-22T15:15:16","slug":"5-ar","status":"publish","type":"post","link":"https:\/\/ulliso.se\/blog\/?p=5829","title":{"rendered":"5 \u00e5r!"},"content":{"rendered":"<p>Idag f\u00f6r 5 \u00e5r sedan tr\u00e4ffades Jonas och jag f\u00f6r allra f\u00f6rsta g\u00e5ngen! Det var d\u00e5 han kom hem till mig i Ronneby och stannade \u00f6ver helgen.<\/p>\n<p>F\u00f6rsta dagen (fredagen) \u00e5t vi en varsin stark Mexicana-pizza p\u00e5 Balkan och sen tittade vi p\u00e5 Pistvakt p\u00e5 tv:n p\u00e5 kv\u00e4llen. Den serien gick p\u00e5 TV d\u00e5.<\/p>\n<p>P\u00e5 l\u00f6rdagen \u00e5t vi p\u00e5 Garlic House och tittade p\u00e5 Henrik Schyfferts &#8221;<a href=\"https:\/\/www.youtube.com\/watch?v=Nq8_m-y2E-o\" target=\"_blank\">90&#8217;s &#8211; ett f\u00f6rsvarstal<\/a>&#8221; p\u00e5 tv:n.<\/p>\n<p>P\u00e5 s\u00f6ndagen \u00e5t vi en pizza och drack en Kaltenberg p\u00e5 Blekan.<\/p>\n<p>&nbsp;<\/p>\n<p><a href=\"https:\/\/ulliso.se\/blog\/wp-content\/uploads\/2014\/05\/DSC00617v.jpg\"><img loading=\"lazy\" class=\"alignnone size-medium wp-image-5830\" src=\"https:\/\/ulliso.se\/blog\/wp-content\/uploads\/2014\/05\/DSC00617v-300x257.jpg\" alt=\"DSC00617v\" width=\"300\" height=\"257\" srcset=\"https:\/\/ulliso.se\/blog\/wp-content\/uploads\/2014\/05\/DSC00617v-300x257.jpg 300w, https:\/\/ulliso.se\/blog\/wp-content\/uploads\/2014\/05\/DSC00617v.jpg 700w\" sizes=\"(max-width: 300px) 100vw, 300px\" \/><br \/>\n<\/a><em>I K\u00e4rlekst\u00e4ltet p\u00e5 PDOL 2009.\u00a0<\/em><\/p>\n<p>&nbsp;<\/p>\n<p><a href=\"https:\/\/ulliso.se\/blog\/wp-content\/uploads\/2014\/05\/Bild-2011-07-30-kl.-17.05-2.jpg\"><img loading=\"lazy\" class=\"alignnone size-medium wp-image-5831\" src=\"https:\/\/ulliso.se\/blog\/wp-content\/uploads\/2014\/05\/Bild-2011-07-30-kl.-17.05-2-300x199.jpg\" alt=\"Bild 2011-07-30 kl. 17.05 #2\" width=\"300\" height=\"199\" srcset=\"https:\/\/ulliso.se\/blog\/wp-content\/uploads\/2014\/05\/Bild-2011-07-30-kl.-17.05-2-300x199.jpg 300w, https:\/\/ulliso.se\/blog\/wp-content\/uploads\/2014\/05\/Bild-2011-07-30-kl.-17.05-2.jpg 640w\" sizes=\"(max-width: 300px) 100vw, 300px\" \/><br \/>\n<\/a><em>I juli 2011 s\u00e5g vi ut s\u00e5 h\u00e4r. ;)\u00a0<\/em><\/p>\n","protected":false},"excerpt":{"rendered":"<p>Idag f\u00f6r 5 \u00e5r sedan tr\u00e4ffades Jonas och jag f\u00f6r allra f\u00f6rsta g\u00e5ngen! Det var d\u00e5 han kom hem till mig i Ronneby och stannade \u00f6ver helgen. F\u00f6rsta dagen (fredagen) \u00e5t vi en varsin stark Mexicana-pizza p\u00e5 Balkan och sen tittade vi p\u00e5 Pistvakt p\u00e5 tv:n p\u00e5 kv\u00e4llen. Den serien gick p\u00e5 TV d\u00e5. P\u00e5 [&hellip;]<\/p>\n","protected":false},"author":1,"featured_media":0,"comment_status":"open","ping_status":"open","sticky":false,"template":"","format":"standard","meta":{"ngg_post_thumbnail":0},"categories":[14,6],"tags":[],"_links":{"self":[{"href":"https:\/\/ulliso.se\/blog\/index.php?rest_route=\/wp\/v2\/posts\/5829"}],"collection":[{"href":"https:\/\/ulliso.se\/blog\/index.php?rest_route=\/wp\/v2\/posts"}],"about":[{"href":"https:\/\/ulliso.se\/blog\/index.php?rest_route=\/wp\/v2\/types\/post"}],"author":[{"embeddable":true,"href":"https:\/\/ulliso.se\/blog\/index.php?rest_route=\/wp\/v2\/users\/1"}],"replies":[{"embeddable":true,"href":"https:\/\/ulliso.se\/blog\/index.php?rest_route=%2Fwp%2Fv2%2Fcomments&post=5829"}],"version-history":[{"count":1,"href":"https:\/\/ulliso.se\/blog\/index.php?rest_route=\/wp\/v2\/posts\/5829\/revisions"}],"predecessor-version":[{"id":5832,"href":"https:\/\/ulliso.se\/blog\/index.php?rest_route=\/wp\/v2\/posts\/5829\/revisions\/5832"}],"wp:attachment":[{"href":"https:\/\/ulliso.se\/blog\/index.php?rest_route=%2Fwp%2Fv2%2Fmedia&parent=5829"}],"wp:term":[{"taxonomy":"category","embeddable":true,"href":"https:\/\/ulliso.se\/blog\/index.php?rest_route=%2Fwp%2Fv2%2Fcategories&post=5829"},{"taxonomy":"post_tag","embeddable":true,"href":"https:\/\/ulliso.se\/blog\/index.php?rest_route=%2Fwp%2Fv2%2Ftags&post=5829"}],"curies":[{"name":"wp","href":"https:\/\/api.w.org\/{rel}","templated":true}]}}