{"id":5911,"date":"2014-08-25T19:46:57","date_gmt":"2014-08-25T17:46:57","guid":{"rendered":"http:\/\/ulliso.se\/blog\/?p=5911"},"modified":"2014-08-25T19:50:32","modified_gmt":"2014-08-25T17:50:32","slug":"facebook-fyndat","status":"publish","type":"post","link":"https:\/\/ulliso.se\/blog\/?p=5911","title":{"rendered":"Facebook-fyndat"},"content":{"rendered":"<p>Det \u00e4r m\u00e5nga som klagar p\u00e5 hur d\u00e5ligt Facebook \u00e4r.<\/p>\n<p>Men d\u00e5 anv\u00e4nder de kanske inte det p\u00e5 &#8221;r\u00e4tt&#8221; s\u00e4tt? Jag \u00c4LSKAR Facebook, och det p\u00e5 m\u00e5nga s\u00e4tt. Dels h\u00e5ller man ju kontakten med v\u00e4nner, gamla arbetskamrater, gamla skolkompisar, osv.<\/p>\n<p>Man kan gilla olika f\u00f6retag och d\u00e4r f\u00e5 rykande f\u00e4rsk information. Mitt gym \u00e4r ett exempel p\u00e5 ett s\u00e5nt f\u00f6retag som har en gilla-sida. Just nu bygger de om d\u00e4r, och d\u00e5 f\u00e5r man en massa info och bilder p\u00e5 detta. S\u00e5nt tycker jag \u00e4r kul.<\/p>\n<p>Man kan ocks\u00e5 vara med i grupper f\u00f6r de intressen man har \u00a0och d\u00e4r diskutera detta intresse. Jag \u00e4r med i grupper som r\u00f6r geocaching, LCHF, Pite\u00e5\/Ronneby\/Blekinge-grupper, fotogrupper, nagellacksgrupp. F\u00f6rr i tiden var jag med i mailinglistor, och nu har dessa mailinglistor flyttat in i slutna grupper p\u00e5 Facebook ist\u00e4llet.<\/p>\n<p>Men framf\u00f6r allt, lokala bortsk\u00e4nkesgrupper samt k\u00f6p- och s\u00e4ljgrupper! Jag har sk\u00e4nkt massor med saker, kl\u00e4der, b\u00f6cker, mm. Jag har f\u00e5tt en massor saker gratis.<\/p>\n<p>Varje m\u00e5nad k\u00f6per jag n\u00e4stan alltid n\u00e5got fr\u00e5n n\u00e5gon av k\u00f6p\/s\u00e4lj-grupperna jag \u00e4r med i. Jag har fyndat massor med saker. Idag var en s\u00e5dan dag. Jag k\u00f6pte kl\u00e4der till yngsta dottern via 2 tjejer i dessa k\u00f6p\/s\u00e4lj-grupper.<\/p>\n<p>K\u00f6pte en fleecejacka f\u00f6r 50 kr av en tjej, samt ett helt kl\u00e4dpaket f\u00f6r 150 kr till henne av en annan \u00a0tjej. I detta kl\u00e4dpaket ingick \u00e4ven en bikini, en skolv\u00e4ska och tv\u00e5 handdukar, bl.a. en med <strong>Hello Kitty<\/strong> p\u00e5! Hon var \u00f6verlycklig f\u00f6r dessa kl\u00e4der\/saker och kramade mig massor!<\/p>\n<p><a href=\"https:\/\/ulliso.se\/blog\/wp-content\/uploads\/2014\/08\/10603319_10202330325275001_8261425604269581889_n.jpg\"><img loading=\"lazy\" class=\"alignnone size-medium wp-image-5912\" src=\"https:\/\/ulliso.se\/blog\/wp-content\/uploads\/2014\/08\/10603319_10202330325275001_8261425604269581889_n-168x300.jpg\" alt=\"10603319_10202330325275001_8261425604269581889_n\" width=\"168\" height=\"300\" srcset=\"https:\/\/ulliso.se\/blog\/wp-content\/uploads\/2014\/08\/10603319_10202330325275001_8261425604269581889_n-168x300.jpg 168w, https:\/\/ulliso.se\/blog\/wp-content\/uploads\/2014\/08\/10603319_10202330325275001_8261425604269581889_n.jpg 540w\" sizes=\"(max-width: 168px) 100vw, 168px\" \/><\/a><\/p>\n<p><a href=\"https:\/\/ulliso.se\/blog\/wp-content\/uploads\/2014\/08\/10563142_10202922867139503_5999859139677848195_n.jpg\"><img loading=\"lazy\" class=\"alignnone size-medium wp-image-5913\" src=\"https:\/\/ulliso.se\/blog\/wp-content\/uploads\/2014\/08\/10563142_10202922867139503_5999859139677848195_n-300x168.jpg\" alt=\"10563142_10202922867139503_5999859139677848195_n\" width=\"300\" height=\"168\" srcset=\"https:\/\/ulliso.se\/blog\/wp-content\/uploads\/2014\/08\/10563142_10202922867139503_5999859139677848195_n-300x168.jpg 300w, https:\/\/ulliso.se\/blog\/wp-content\/uploads\/2014\/08\/10563142_10202922867139503_5999859139677848195_n.jpg 720w\" sizes=\"(max-width: 300px) 100vw, 300px\" \/><\/a><\/p>\n<p>&nbsp;<\/p>\n<p>S\u00e5 skulle jag bara f\u00e5 v\u00e4lja <strong>en<\/strong> social plattform att vara p\u00e5 f\u00f6r resten av mitt liv s\u00e5 blir det p\u00e5 Facebook, helt klart! &lt;3\u00a0Facebook!<\/p>\n","protected":false},"excerpt":{"rendered":"<p>Det \u00e4r m\u00e5nga som klagar p\u00e5 hur d\u00e5ligt Facebook \u00e4r. Men d\u00e5 anv\u00e4nder de kanske inte det p\u00e5 &#8221;r\u00e4tt&#8221; s\u00e4tt? Jag \u00c4LSKAR Facebook, och det p\u00e5 m\u00e5nga s\u00e4tt. Dels h\u00e5ller man ju kontakten med v\u00e4nner, gamla arbetskamrater, gamla skolkompisar, osv. Man kan gilla olika f\u00f6retag och d\u00e4r f\u00e5 rykande f\u00e4rsk information. Mitt gym \u00e4r ett [&hellip;]<\/p>\n","protected":false},"author":1,"featured_media":0,"comment_status":"open","ping_status":"open","sticky":false,"template":"","format":"standard","meta":{"ngg_post_thumbnail":0},"categories":[6],"tags":[],"_links":{"self":[{"href":"https:\/\/ulliso.se\/blog\/index.php?rest_route=\/wp\/v2\/posts\/5911"}],"collection":[{"href":"https:\/\/ulliso.se\/blog\/index.php?rest_route=\/wp\/v2\/posts"}],"about":[{"href":"https:\/\/ulliso.se\/blog\/index.php?rest_route=\/wp\/v2\/types\/post"}],"author":[{"embeddable":true,"href":"https:\/\/ulliso.se\/blog\/index.php?rest_route=\/wp\/v2\/users\/1"}],"replies":[{"embeddable":true,"href":"https:\/\/ulliso.se\/blog\/index.php?rest_route=%2Fwp%2Fv2%2Fcomments&post=5911"}],"version-history":[{"count":3,"href":"https:\/\/ulliso.se\/blog\/index.php?rest_route=\/wp\/v2\/posts\/5911\/revisions"}],"predecessor-version":[{"id":5916,"href":"https:\/\/ulliso.se\/blog\/index.php?rest_route=\/wp\/v2\/posts\/5911\/revisions\/5916"}],"wp:attachment":[{"href":"https:\/\/ulliso.se\/blog\/index.php?rest_route=%2Fwp%2Fv2%2Fmedia&parent=5911"}],"wp:term":[{"taxonomy":"category","embeddable":true,"href":"https:\/\/ulliso.se\/blog\/index.php?rest_route=%2Fwp%2Fv2%2Fcategories&post=5911"},{"taxonomy":"post_tag","embeddable":true,"href":"https:\/\/ulliso.se\/blog\/index.php?rest_route=%2Fwp%2Fv2%2Ftags&post=5911"}],"curies":[{"name":"wp","href":"https:\/\/api.w.org\/{rel}","templated":true}]}}