{"id":5917,"date":"2014-08-29T23:00:12","date_gmt":"2014-08-29T21:00:12","guid":{"rendered":"http:\/\/ulliso.se\/blog\/?p=5917"},"modified":"2014-08-29T23:04:59","modified_gmt":"2014-08-29T21:04:59","slug":"fredag-14","status":"publish","type":"post","link":"https:\/\/ulliso.se\/blog\/?p=5917","title":{"rendered":"Fredag"},"content":{"rendered":"<p>Nu har tjejerna blivit f\u00f6rkylda. B\u00e5da har varit hemma fr\u00e5n skolan idag. Hoppas bara att jag ocks\u00e5 slipper bli f\u00f6rkyld, men det l\u00e4r v\u00e4l bli sv\u00e5rt att undvika \u00e4r jag r\u00e4dd f\u00f6r.<\/p>\n<p>E har varit och gjort avtryck till en ny tandst\u00e4llning idag. Denna g\u00e5ng valde hon att f\u00e5 en f\u00e4rgad, en r\u00f6d. Den ska vara klar om ca tv\u00e5 veckor.<\/p>\n<p>Efter att vi varit hos tandl\u00e4karen s\u00e5 tog vi en fika p\u00e5 <a href=\"http:\/\/www.gallerianpitea.se\/butiker\/cafe-roda-lyktan-plan-3\" target=\"_blank\">R\u00f6da Lyktan<\/a> i gallerian. Sen blev det en runda p\u00e5 Clas Ohlsson d\u00e4r jag k\u00f6pte skrivarpapper och en klockradio till I.<\/p>\n<p>F\u00f6r tv\u00e5 veckor sedan var vi p\u00e5 Lycksele Djurpark. Har inte lagt upp n\u00e5gra bilder d\u00e4rifr\u00e5n h\u00e4r p\u00e5 bloggen eftersom jag ju inte har bloggat s\u00e5 mycket p\u00e5 sistone. Men <a href=\"https:\/\/www.flickr.com\/photos\/41040448@N03\/sets\/72157646998008842\/\" target=\"_blank\">H\u00c4R<\/a> kan ni se bilder d\u00e4rifr\u00e5n.<\/p>\n<p>Avslutar med en bild som jag tog en dag n\u00e4r vi var ute och cachade p\u00e5 Pitholmsheden. Kolla in vad det st\u00e5r p\u00e5 skylten. :p<\/p>\n<p><a href=\"https:\/\/ulliso.se\/blog\/wp-content\/uploads\/2014\/08\/IMG_5148.jpg\"><img loading=\"lazy\" class=\"alignnone size-medium wp-image-5918\" src=\"https:\/\/ulliso.se\/blog\/wp-content\/uploads\/2014\/08\/IMG_5148-300x218.jpg\" alt=\"IMG_5148\" width=\"300\" height=\"218\" srcset=\"https:\/\/ulliso.se\/blog\/wp-content\/uploads\/2014\/08\/IMG_5148-300x218.jpg 300w, https:\/\/ulliso.se\/blog\/wp-content\/uploads\/2014\/08\/IMG_5148-1024x747.jpg 1024w, https:\/\/ulliso.se\/blog\/wp-content\/uploads\/2014\/08\/IMG_5148.jpg 1100w\" sizes=\"(max-width: 300px) 100vw, 300px\" \/><\/a><\/p>\n","protected":false},"excerpt":{"rendered":"<p>Nu har tjejerna blivit f\u00f6rkylda. B\u00e5da har varit hemma fr\u00e5n skolan idag. Hoppas bara att jag ocks\u00e5 slipper bli f\u00f6rkyld, men det l\u00e4r v\u00e4l bli sv\u00e5rt att undvika \u00e4r jag r\u00e4dd f\u00f6r. E har varit och gjort avtryck till en ny tandst\u00e4llning idag. Denna g\u00e5ng valde hon att f\u00e5 en f\u00e4rgad, en r\u00f6d. Den ska [&hellip;]<\/p>\n","protected":false},"author":1,"featured_media":0,"comment_status":"open","ping_status":"open","sticky":false,"template":"","format":"standard","meta":{"ngg_post_thumbnail":0},"categories":[6],"tags":[],"_links":{"self":[{"href":"https:\/\/ulliso.se\/blog\/index.php?rest_route=\/wp\/v2\/posts\/5917"}],"collection":[{"href":"https:\/\/ulliso.se\/blog\/index.php?rest_route=\/wp\/v2\/posts"}],"about":[{"href":"https:\/\/ulliso.se\/blog\/index.php?rest_route=\/wp\/v2\/types\/post"}],"author":[{"embeddable":true,"href":"https:\/\/ulliso.se\/blog\/index.php?rest_route=\/wp\/v2\/users\/1"}],"replies":[{"embeddable":true,"href":"https:\/\/ulliso.se\/blog\/index.php?rest_route=%2Fwp%2Fv2%2Fcomments&post=5917"}],"version-history":[{"count":2,"href":"https:\/\/ulliso.se\/blog\/index.php?rest_route=\/wp\/v2\/posts\/5917\/revisions"}],"predecessor-version":[{"id":5920,"href":"https:\/\/ulliso.se\/blog\/index.php?rest_route=\/wp\/v2\/posts\/5917\/revisions\/5920"}],"wp:attachment":[{"href":"https:\/\/ulliso.se\/blog\/index.php?rest_route=%2Fwp%2Fv2%2Fmedia&parent=5917"}],"wp:term":[{"taxonomy":"category","embeddable":true,"href":"https:\/\/ulliso.se\/blog\/index.php?rest_route=%2Fwp%2Fv2%2Fcategories&post=5917"},{"taxonomy":"post_tag","embeddable":true,"href":"https:\/\/ulliso.se\/blog\/index.php?rest_route=%2Fwp%2Fv2%2Ftags&post=5917"}],"curies":[{"name":"wp","href":"https:\/\/api.w.org\/{rel}","templated":true}]}}