{"id":5922,"date":"2014-09-21T23:07:48","date_gmt":"2014-09-21T21:07:48","guid":{"rendered":"http:\/\/ulliso.se\/blog\/?p=5922"},"modified":"2014-09-21T23:09:10","modified_gmt":"2014-09-21T21:09:10","slug":"long-time-no-see","status":"publish","type":"post","link":"https:\/\/ulliso.se\/blog\/?p=5922","title":{"rendered":"Long time no see&#8230;"},"content":{"rendered":"<p>Jag har inte gl\u00f6mt bort att jag har en blogg. Funderar n\u00e4stan daglien p\u00e5 vad jag ska skriva i den. Tycker inte att jag g\u00f6r s\u00e5 mycket intressanta saker som \u00e4r v\u00e4rda att skriva om. Det \u00e4r s\u00e5 mycket <em>vardag<\/em>, liksom. Jag gillar ju sj\u00e4lv att l\u00e4sa vardagsbloggar, men det k\u00e4nns lite tr\u00e5kigt att alltid skriva en egen s\u00e5dan blogg. Lite kn\u00e4ppt t\u00e4nkt kanske&#8230; Men jag \u00e4r inte s\u00e5 mycket f\u00f6r att visa min<em> outfit<\/em> eller mina <em>wanties<\/em> (ett ord jag f.\u00f6 vill kr\u00e4kas p\u00e5).<br \/>\nBarnens pappa \u00e4r p\u00e5 bes\u00f6k h\u00e4r uppe just nu. Han kom tidigt i torsdags och \u00e5ker hem imorgon. Han bor inte h\u00e4r hemma hos oss, utan han bor p\u00e5 vandrahemmet som ligger alldeles i n\u00e4rheten.<\/p>\n<p>Jonas och jag har varit ute och cachat b\u00e5de ig\u00e5r och idag. Vi passade p\u00e5 att g\u00f6ra det n\u00e4r barnen umgicks med sin pappa.<\/p>\n<p>Sen ville vi ju passa p\u00e5 att cacha nu n\u00e4r det \u00e4r helg ocks\u00e5. Det blir ju m\u00f6rkt s\u00e5 tidigt om kv\u00e4llarna numera, s\u00e5 vi hinner aldrig ut p\u00e5 vardagarna. Jag tycker verkligen att det \u00e4r j\u00e4ttetr\u00e5kigt. :( F\u00f6rut tyckte jag om h\u00f6sten med dess kv\u00e4llsm\u00f6rker, men det g\u00f6r jag verkligen inte nu. Jag vill ju ut och cacha!<\/p>\n<p>N\u00e5v\u00e4l, det kan v\u00e4l vara positivt med m\u00f6rkret p\u00e5 ett s\u00e4tt, f\u00f6r d\u00e5 kan vi komma ig\u00e5ng med gymtr\u00e4ningen p\u00e5 kv\u00e4llarna ist\u00e4llet f\u00f6r att \u00e5ka ut och cacha. Jag antar att vi f\u00e5r l\u00e4gga cachningen p\u00e5 is n\u00e4r det \u00e4r som m\u00f6rkast och sn\u00f6igast h\u00e4r. :(<\/p>\n<p>&nbsp;<\/p>\n<p>Ig\u00e5r var vi och cachade p\u00e5 Grisberget. Vi tog en hel massa, n\u00e4rmare best\u00e4mt 15 st. Det \u00e4r ju jakttider nu, s\u00e5 d\u00e5 vill vi inte ut i vilka skogar som helst. Grisberget \u00e4r ju bra p\u00e5 det s\u00e4ttet, det \u00e4r ju ett motionsomr\u00e5de. S\u00e5 d\u00e4r finns det d\u00e5 inga j\u00e4gare.<\/p>\n<p>&nbsp;<\/p>\n<p>Idag \u00e5kte vi ut till F\u00e5r\u00f6n f\u00f6r att cacha d\u00e4r. Vi trodde att det skulle vara jaktfritt d\u00e4r, men just som vi h\u00f6ll p\u00e5 med den f\u00f6rsta cachen s\u00e5 h\u00f6rde vi skott. S\u00e5 d\u00e5 ville jag inte vara d\u00e4r n\u00e5got mera. \u00a0Vi trodde inte de skulle jaga d\u00e4r, men det gjorde de tydligen iallafall. Vi hade dessutom l\u00e4mnat reflexv\u00e4starna hemma. Svartkl\u00e4tt i skogen i jakttider \u00e4r inte s\u00e5 bra.<\/p>\n<p><a href=\"https:\/\/ulliso.se\/blog\/wp-content\/uploads\/2014\/09\/IMG_5408.jpg\"><img loading=\"lazy\" class=\"alignnone size-medium wp-image-5923\" src=\"https:\/\/ulliso.se\/blog\/wp-content\/uploads\/2014\/09\/IMG_5408-300x290.jpg\" alt=\"IMG_5408\" width=\"300\" height=\"290\" srcset=\"https:\/\/ulliso.se\/blog\/wp-content\/uploads\/2014\/09\/IMG_5408-300x290.jpg 300w, https:\/\/ulliso.se\/blog\/wp-content\/uploads\/2014\/09\/IMG_5408.jpg 1000w\" sizes=\"(max-width: 300px) 100vw, 300px\" \/><\/a>\u00a0\u00a0<a href=\"https:\/\/ulliso.se\/blog\/wp-content\/uploads\/2014\/09\/IMG_5409.jpg\"><img loading=\"lazy\" class=\"alignnone size-medium wp-image-5924\" src=\"https:\/\/ulliso.se\/blog\/wp-content\/uploads\/2014\/09\/IMG_5409-300x296.jpg\" alt=\"IMG_5409\" width=\"300\" height=\"296\" srcset=\"https:\/\/ulliso.se\/blog\/wp-content\/uploads\/2014\/09\/IMG_5409-300x296.jpg 300w, https:\/\/ulliso.se\/blog\/wp-content\/uploads\/2014\/09\/IMG_5409.jpg 1000w\" sizes=\"(max-width: 300px) 100vw, 300px\" \/><\/a><br \/>\n<em>P\u00e5 denna cachen gick vi bet idag. F\u00e5r \u00e5ka hit en annan g\u00e5ng och f\u00f6rs\u00f6ka igen.\u00a0<\/em><\/p>\n<p>&nbsp;<\/p>\n<div>\n<div>S\u00e5 vi k\u00f6rde bort till F\u00e5r\u00f6ns stugby f\u00f6r att d\u00e4r ta en \u00a0annan cache. Just som Jonas och jag stod d\u00e4r och h\u00f6ll p\u00e5 att leta efter den, s\u00e5 h\u00f6rde vi en r\u00f6st som sa n\u00e5t till oss. Jag blev riktigt r\u00e4dd f\u00f6rst, f\u00f6r jag trodde f\u00f6rst att det var en person som p\u00e5 n\u00e5got vis hade med stugbyn att g\u00f6ra och som inte gillade att vi k\u00f6rde in med bilen d\u00e4r. Men s\u00e5 s\u00e5g jag att de hade en varsin GPS i handen, s\u00e5 d\u00e5 f\u00f6rstod jag att det var tv\u00e5 andra cachare, som ocks\u00e5 skulle leta efter samma cache som vi. Vi skakade hand och presenterade oss f\u00f6r varandra. De ber\u00e4ttade att de varit inne i skogen, p\u00e5 ungef\u00e4r p\u00e5 samma st\u00e4lle som vi varit nyss. Dom hade m\u00f6tt tre \u00e4lgar i skogen. Det var verkligen kul att f\u00e5 tr\u00e4ffa p\u00e5 andra som ocks\u00e5 cachade, det var andra g\u00e5ngen som vi gjorde det. F\u00f6rsta g\u00e5ngen som vi tr\u00e4ffade p\u00e5 andra cachare s\u00e5 hejade vi bara p\u00e5 varandra n\u00e4r vi m\u00f6ttes i skogen, men idag pratade vi med cacharna och vi letade upp cachen tillsammans. De tipsade oss ocks\u00e5 om en &#8221;multi&#8221; som l\u00e5g en bit d\u00e4rifr\u00e5n.<\/div>\n<div><a href=\"https:\/\/ulliso.se\/blog\/wp-content\/uploads\/2014\/09\/IMG_5411.jpg\"><img loading=\"lazy\" class=\"alignnone size-medium wp-image-5925\" src=\"https:\/\/ulliso.se\/blog\/wp-content\/uploads\/2014\/09\/IMG_5411-300x226.jpg\" alt=\"IMG_5411\" width=\"300\" height=\"226\" srcset=\"https:\/\/ulliso.se\/blog\/wp-content\/uploads\/2014\/09\/IMG_5411-300x226.jpg 300w, https:\/\/ulliso.se\/blog\/wp-content\/uploads\/2014\/09\/IMG_5411.jpg 1000w\" sizes=\"(max-width: 300px) 100vw, 300px\" \/><\/a><br \/>\n<em>En stuga i F\u00e5r\u00f6ns stugby. Den m\u00e5ste ha m\u00e5nga \u00e5r p\u00e5 nacken, med tanke p\u00e5 den gamla d\u00f6rren.\u00a0<\/em><\/div>\n<\/div>\n<div><\/div>\n<div>Vi avslutade dagens cachetur i Munksund d\u00e4r vi tog 3 st cachar. Den ena var lite jobbig att komma \u00e5t, f\u00f6r den l\u00e5g lite jobbigt till. Man var tvungen att g\u00e5 bland en massa vajrar efter en fd. linbana.\u00a0Som cachare f\u00e5r man inte ha problem med otillg\u00e4ngliga st\u00e4llen, som t.ex. h\u00f6gt gr\u00e4s, djupa, sn\u00e5riga skogar, osv. ;) Men man f\u00e5r \u00e4ven l\u00e4ra sig v\u00e4ldigt m\u00e5nga saker om diverse olika st\u00e4llen. T.ex. om detta med linbanorna. Jag klistrar in en text om det nedanf\u00f6r denna bild p\u00e5 vajrarna som jag klev mitt i idag:<\/div>\n<div><\/div>\n<div><a href=\"https:\/\/ulliso.se\/blog\/wp-content\/uploads\/2014\/09\/IMG_5413.jpg\"><img loading=\"lazy\" class=\"alignnone size-medium wp-image-5926\" src=\"https:\/\/ulliso.se\/blog\/wp-content\/uploads\/2014\/09\/IMG_5413-300x224.jpg\" alt=\"IMG_5413\" width=\"300\" height=\"224\" srcset=\"https:\/\/ulliso.se\/blog\/wp-content\/uploads\/2014\/09\/IMG_5413-300x224.jpg 300w, https:\/\/ulliso.se\/blog\/wp-content\/uploads\/2014\/09\/IMG_5413.jpg 1000w\" sizes=\"(max-width: 300px) 100vw, 300px\" \/><\/a><\/div>\n<div><\/div>\n<div><\/div>\n<div><em><em>&#8221;Mellan \u00e5ngs\u00e5garna och sulfatfabriken i Munksund byggdes ett system av linbanor upp f\u00f6r transport av flis och sp\u00e5n som anv\u00e4ndes till br\u00e4nsle och massaframst\u00e4llning. Den l\u00e4ngsta str\u00e4ckningen gick fr\u00e5n Bergsvikens s\u00e5gverk, \u00f6ver Fingermanholmen och fram till sulfatfabriken i Munksund. Totalt 7 km. Den uppf\u00f6rdes 1929 och var i drift till en bit in p\u00e5 1940-talet n\u00e4r s\u00e5gverken i Bergsviken och Storfors upph\u00f6rt med verksamheten. Efter att ha st\u00e5tt outnyttjad n\u00e5gra \u00e5r \u00e5terupptogs anv\u00e4ndningen av str\u00e4ckan Fingermanholmen \u2013 Munksund n\u00e4r barkverket p\u00e5 Fingermanholmen beh\u00f6vde b\u00e4ttre utlastningskapacitet. Barkverket och linbanan var i bruk fram till 1965 och anl\u00e4ggningarna revs 1966. Idag \u00e5terst\u00e5r linbanefundament, betongvikter fr\u00e5n linbanans str\u00e4ckstation uppe p\u00e5 Fingermanholmens h\u00f6gsta punkt samt rester av kajer och anl\u00e4ggning vid barkverket.&#8221;<\/em><\/em><strong>K\u00e4lla:<\/strong>\u00a0http:\/\/195.196.144.69\/piteinter\/husera\/industrialisering\/fingermanholmen.asp<\/p>\n<\/div>\n","protected":false},"excerpt":{"rendered":"<p>Jag har inte gl\u00f6mt bort att jag har en blogg. Funderar n\u00e4stan daglien p\u00e5 vad jag ska skriva i den. Tycker inte att jag g\u00f6r s\u00e5 mycket intressanta saker som \u00e4r v\u00e4rda att skriva om. Det \u00e4r s\u00e5 mycket vardag, liksom. Jag gillar ju sj\u00e4lv att l\u00e4sa vardagsbloggar, men det k\u00e4nns lite tr\u00e5kigt att alltid [&hellip;]<\/p>\n","protected":false},"author":1,"featured_media":0,"comment_status":"open","ping_status":"open","sticky":false,"template":"","format":"standard","meta":{"ngg_post_thumbnail":0},"categories":[6],"tags":[],"_links":{"self":[{"href":"https:\/\/ulliso.se\/blog\/index.php?rest_route=\/wp\/v2\/posts\/5922"}],"collection":[{"href":"https:\/\/ulliso.se\/blog\/index.php?rest_route=\/wp\/v2\/posts"}],"about":[{"href":"https:\/\/ulliso.se\/blog\/index.php?rest_route=\/wp\/v2\/types\/post"}],"author":[{"embeddable":true,"href":"https:\/\/ulliso.se\/blog\/index.php?rest_route=\/wp\/v2\/users\/1"}],"replies":[{"embeddable":true,"href":"https:\/\/ulliso.se\/blog\/index.php?rest_route=%2Fwp%2Fv2%2Fcomments&post=5922"}],"version-history":[{"count":3,"href":"https:\/\/ulliso.se\/blog\/index.php?rest_route=\/wp\/v2\/posts\/5922\/revisions"}],"predecessor-version":[{"id":5929,"href":"https:\/\/ulliso.se\/blog\/index.php?rest_route=\/wp\/v2\/posts\/5922\/revisions\/5929"}],"wp:attachment":[{"href":"https:\/\/ulliso.se\/blog\/index.php?rest_route=%2Fwp%2Fv2%2Fmedia&parent=5922"}],"wp:term":[{"taxonomy":"category","embeddable":true,"href":"https:\/\/ulliso.se\/blog\/index.php?rest_route=%2Fwp%2Fv2%2Fcategories&post=5922"},{"taxonomy":"post_tag","embeddable":true,"href":"https:\/\/ulliso.se\/blog\/index.php?rest_route=%2Fwp%2Fv2%2Ftags&post=5922"}],"curies":[{"name":"wp","href":"https:\/\/api.w.org\/{rel}","templated":true}]}}