{"id":6012,"date":"2015-02-02T22:08:30","date_gmt":"2015-02-02T21:08:30","guid":{"rendered":"http:\/\/ulliso.se\/blog\/?p=6012"},"modified":"2015-02-02T22:08:30","modified_gmt":"2015-02-02T21:08:30","slug":"gnallig","status":"publish","type":"post","link":"https:\/\/ulliso.se\/blog\/?p=6012","title":{"rendered":"Gn\u00e4llig!"},"content":{"rendered":"<p>Japp, jag \u00e4r lite gn\u00e4llig f\u00f6r tillf\u00e4llet! Jag har nacksp\u00e4rr, och har haft det i minst en vecka. Men imorgon ska jag g\u00e5 till &#8221;min&#8221; sjukgymnast Roger. Han hj\u00e4lpte mig att bli bra i min onda axel (som jag fick ont i pga mitt\u00a0f\u00f6rra jobb), s\u00e5 nu f\u00e5r vi se vad han s\u00e4ger om min nacke.<\/p>\n<p>Tv\u00e4ttmaskinen gick s\u00f6nder i torsdags, men redan p\u00e5 fredagen hade vi en ny. Diskmaskinen gav upp samma dag (den sk\u00f6ljde inte rent). Men det g\u00e5r iaf utm\u00e4rkt att handdiska, till skillnad mot att springa och tv\u00e4tta borta i tv\u00e4ttstugan (som ligger 2 hus bort). Det har jag verkligen ingen lust med i detta hemska v\u00e4der som \u00e4r nu. Massor med hemsk sn\u00f6 och sen bl\u00e5st som driver upp sn\u00f6n. Vi har f\u00e5tt skotta sn\u00f6 p\u00e5 v\u00e5r parkering, flera g\u00e5nger. Det var visst n\u00e5n som sa att man slapp skotta om man bor i l\u00e4genhet&#8230; Jo, pyttsan, s\u00e4ger jag!<\/p>\n<p>Men snart \u00e4r det iaf v\u00e5r och SOMMAR!<\/p>\n<p>Nu ska jag g\u00e5 och diska upp den sista disken f\u00f6r idag!<\/p>\n<p><a href=\"https:\/\/ulliso.se\/blog\/wp-content\/uploads\/2015\/02\/IMG_4710.jpg\"><img loading=\"lazy\" class=\"alignnone wp-image-6013 size-medium\" src=\"https:\/\/ulliso.se\/blog\/wp-content\/uploads\/2015\/02\/IMG_4710-e1422911230462-225x300.jpg\" alt=\"IMG_4710\" width=\"225\" height=\"300\" srcset=\"https:\/\/ulliso.se\/blog\/wp-content\/uploads\/2015\/02\/IMG_4710-e1422911230462-225x300.jpg 225w, https:\/\/ulliso.se\/blog\/wp-content\/uploads\/2015\/02\/IMG_4710-e1422911230462-768x1024.jpg 768w\" sizes=\"(max-width: 225px) 100vw, 225px\" \/><\/a><\/p>\n<p>&nbsp;<\/p>\n","protected":false},"excerpt":{"rendered":"<p>Japp, jag \u00e4r lite gn\u00e4llig f\u00f6r tillf\u00e4llet! Jag har nacksp\u00e4rr, och har haft det i minst en vecka. Men imorgon ska jag g\u00e5 till &#8221;min&#8221; sjukgymnast Roger. Han hj\u00e4lpte mig att bli bra i min onda axel (som jag fick ont i pga mitt\u00a0f\u00f6rra jobb), s\u00e5 nu f\u00e5r vi se vad han s\u00e4ger om min [&hellip;]<\/p>\n","protected":false},"author":1,"featured_media":0,"comment_status":"open","ping_status":"open","sticky":false,"template":"","format":"standard","meta":{"ngg_post_thumbnail":0},"categories":[6],"tags":[],"_links":{"self":[{"href":"https:\/\/ulliso.se\/blog\/index.php?rest_route=\/wp\/v2\/posts\/6012"}],"collection":[{"href":"https:\/\/ulliso.se\/blog\/index.php?rest_route=\/wp\/v2\/posts"}],"about":[{"href":"https:\/\/ulliso.se\/blog\/index.php?rest_route=\/wp\/v2\/types\/post"}],"author":[{"embeddable":true,"href":"https:\/\/ulliso.se\/blog\/index.php?rest_route=\/wp\/v2\/users\/1"}],"replies":[{"embeddable":true,"href":"https:\/\/ulliso.se\/blog\/index.php?rest_route=%2Fwp%2Fv2%2Fcomments&post=6012"}],"version-history":[{"count":1,"href":"https:\/\/ulliso.se\/blog\/index.php?rest_route=\/wp\/v2\/posts\/6012\/revisions"}],"predecessor-version":[{"id":6014,"href":"https:\/\/ulliso.se\/blog\/index.php?rest_route=\/wp\/v2\/posts\/6012\/revisions\/6014"}],"wp:attachment":[{"href":"https:\/\/ulliso.se\/blog\/index.php?rest_route=%2Fwp%2Fv2%2Fmedia&parent=6012"}],"wp:term":[{"taxonomy":"category","embeddable":true,"href":"https:\/\/ulliso.se\/blog\/index.php?rest_route=%2Fwp%2Fv2%2Fcategories&post=6012"},{"taxonomy":"post_tag","embeddable":true,"href":"https:\/\/ulliso.se\/blog\/index.php?rest_route=%2Fwp%2Fv2%2Ftags&post=6012"}],"curies":[{"name":"wp","href":"https:\/\/api.w.org\/{rel}","templated":true}]}}