{"id":6060,"date":"2015-09-03T09:12:11","date_gmt":"2015-09-03T07:12:11","guid":{"rendered":"http:\/\/ulliso.se\/blog\/?p=6060"},"modified":"2015-09-03T09:13:06","modified_gmt":"2015-09-03T07:13:06","slug":"bokrecension","status":"publish","type":"post","link":"https:\/\/ulliso.se\/blog\/?p=6060","title":{"rendered":"Bokrecension"},"content":{"rendered":"<p><strong>Titel:<\/strong> LCHF-husmanskost.<\/p>\n<p><strong>F\u00f6rfattare:<\/strong> Anna Hall\u00e9n.<\/p>\n<p>Denna bok var en av de allra f\u00f6rsta b\u00f6cker jag l\u00e4ste inom LCHF n\u00e4r jag b\u00f6rjade med det\u00a0i slutet av oktober 2010. D\u00e5 var boken r\u00e4tt nyutkommen. Jag l\u00e5nade den av Jonas mamma, men nu har jag mitt eget exemplar.<\/p>\n<p>Boken inleds med ett f\u00f6rord av sj\u00e4lvaste J\u00f6rgen Vesti Nielsen, \u00f6verl\u00e4kare vid medicinkliniken p\u00e5 Blekinge l\u00e4ns sjukhus i Karlshamn. (<a href=\"http:\/\/www.lchf.se\/Bloggar\/Blogg\/tabid\/83\/EntryId\/10043\/Intervju-med-Jorgen-Vesti-Nielsen.aspx\" target=\"_blank\">H\u00c4R<\/a> kan du l\u00e4sa om vem J\u00f6rgen \u00e4r ifall du undrar).<\/p>\n<p>D\u00e4refter\u00a0skriver Anna om hur hon b\u00f6rjade med LCHF. Sedan skriver hon om sj\u00e4lva LCHF och till slut f\u00f6ljer en hel massa recept.<\/p>\n<p>Anna\u00a0f\u00f6rklarar id\u00e9n bakom LCHF p\u00e5 ett v\u00e4ldigt bra s\u00e4tt. Hon skriver p\u00e5 ett s\u00e4tt som g\u00f6r det hela enkelt och roligt att f\u00f6rst\u00e5.<\/p>\n<p>Jag har provat en hel del av recepten. Men jag har \u00e4ven en hel massa recept kvar att testa.<\/p>\n<p>Annas bok f\u00e5r h\u00f6gsta betyg fr\u00e5n mig. :)<\/p>\n<p><a href=\"https:\/\/ulliso.se\/blog\/wp-content\/uploads\/2015\/09\/DSCF3866.jpg\"><img loading=\"lazy\" class=\"alignnone size-medium wp-image-6062\" src=\"https:\/\/ulliso.se\/blog\/wp-content\/uploads\/2015\/09\/DSCF3866-279x300.jpg\" alt=\"DSCF3866\" width=\"279\" height=\"300\" srcset=\"https:\/\/ulliso.se\/blog\/wp-content\/uploads\/2015\/09\/DSCF3866-279x300.jpg 279w, https:\/\/ulliso.se\/blog\/wp-content\/uploads\/2015\/09\/DSCF3866-954x1024.jpg 954w\" sizes=\"(max-width: 279px) 100vw, 279px\" \/><\/a><\/p>\n","protected":false},"excerpt":{"rendered":"<p>Titel: LCHF-husmanskost. F\u00f6rfattare: Anna Hall\u00e9n. Denna bok var en av de allra f\u00f6rsta b\u00f6cker jag l\u00e4ste inom LCHF n\u00e4r jag b\u00f6rjade med det\u00a0i slutet av oktober 2010. D\u00e5 var boken r\u00e4tt nyutkommen. Jag l\u00e5nade den av Jonas mamma, men nu har jag mitt eget exemplar. Boken inleds med ett f\u00f6rord av sj\u00e4lvaste J\u00f6rgen Vesti Nielsen, [&hellip;]<\/p>\n","protected":false},"author":1,"featured_media":0,"comment_status":"open","ping_status":"open","sticky":false,"template":"","format":"standard","meta":{"ngg_post_thumbnail":0},"categories":[18],"tags":[],"_links":{"self":[{"href":"https:\/\/ulliso.se\/blog\/index.php?rest_route=\/wp\/v2\/posts\/6060"}],"collection":[{"href":"https:\/\/ulliso.se\/blog\/index.php?rest_route=\/wp\/v2\/posts"}],"about":[{"href":"https:\/\/ulliso.se\/blog\/index.php?rest_route=\/wp\/v2\/types\/post"}],"author":[{"embeddable":true,"href":"https:\/\/ulliso.se\/blog\/index.php?rest_route=\/wp\/v2\/users\/1"}],"replies":[{"embeddable":true,"href":"https:\/\/ulliso.se\/blog\/index.php?rest_route=%2Fwp%2Fv2%2Fcomments&post=6060"}],"version-history":[{"count":2,"href":"https:\/\/ulliso.se\/blog\/index.php?rest_route=\/wp\/v2\/posts\/6060\/revisions"}],"predecessor-version":[{"id":6063,"href":"https:\/\/ulliso.se\/blog\/index.php?rest_route=\/wp\/v2\/posts\/6060\/revisions\/6063"}],"wp:attachment":[{"href":"https:\/\/ulliso.se\/blog\/index.php?rest_route=%2Fwp%2Fv2%2Fmedia&parent=6060"}],"wp:term":[{"taxonomy":"category","embeddable":true,"href":"https:\/\/ulliso.se\/blog\/index.php?rest_route=%2Fwp%2Fv2%2Fcategories&post=6060"},{"taxonomy":"post_tag","embeddable":true,"href":"https:\/\/ulliso.se\/blog\/index.php?rest_route=%2Fwp%2Fv2%2Ftags&post=6060"}],"curies":[{"name":"wp","href":"https:\/\/api.w.org\/{rel}","templated":true}]}}