{"id":6068,"date":"2015-12-09T11:50:26","date_gmt":"2015-12-09T10:50:26","guid":{"rendered":"http:\/\/ulliso.se\/blog\/?p=6068"},"modified":"2015-12-11T14:18:06","modified_gmt":"2015-12-11T13:18:06","slug":"forvirrad","status":"publish","type":"post","link":"https:\/\/ulliso.se\/blog\/?p=6068","title":{"rendered":"F\u00f6rvirrad!"},"content":{"rendered":"<p>Jag hade ledig helg plus en semesterdag i m\u00e5ndags. Det har gjort att jag blivit alldeles f\u00f6rvirrad. Kom till jobbet ig\u00e5r och trodde att det var m\u00e5ndag. Nu idag trodde jag att det var torsdag. :\/<\/p>\n<p>Idag b\u00f6rjade min dag med att s\u00e4tta p\u00e5 en maskin disk, en maskin tv\u00e4tt, samt sopa upp en hel massa h\u00f6. Senare idag ska jag iv\u00e4g och jobba ett kv\u00e4llspass.<\/p>\n<p>Ig\u00e5r kv\u00e4ll hade vi julfest p\u00e5 jobbet. Vi \u00e5t julmat med all personal p\u00e5 min avdelning och med all personal fr\u00e5n v\u00e5r grann-avdelning. Ena sjuksk\u00f6terskan, h\u00e4lften av nattpersonalen samt ena chefen var ocks\u00e5 med. Vi var totalt 23 personer. Vi h\u00f6ll till uppe\u00a0i dagverksamhetens lokaler. Det \u00e4r mysigt d\u00e4r. :)<\/p>\n<p>Julmaten var best\u00e4lld fr\u00e5n &#8221;<a href=\"http:\/\/www.tommyscatering.se\/menyer_jul.html\" target=\"_blank\">Tommys k\u00f6k &amp; catering<\/a>&#8221;. \u00a0Vi bytte julklappar med varandra och vi fick \u00e4ven julklappen fr\u00e5n chefen, dvs arbetsgivaren. Det var som vanligt &#8221;g\u00e5vokort&#8221; d\u00e4r vi f\u00e5r v\u00e4lja ett presentkort fr\u00e5n n\u00e5gon butik h\u00e4r i stan. Jag br\u00f6t upp kl. 19, f\u00f6r d\u00e5 \u00e5kte m\u00e5nga andra ocks\u00e5 hem. Jag var dessutom tr\u00f6tt efter att f\u00f6rst ha jobbat 7.30-12, sen APT (jobbm\u00f6te) mellan 12-16. Sen julfest direkt p\u00e5 det d\u00e5.<\/p>\n<p>Ikv\u00e4ll \u00e4r det den andra halvan av huset (dvs. jobbet) som ska ha julfest tillsammans med den andra sjuksk\u00f6terskan, den andra h\u00e4lften av nattpersonalen samt den andra chefen. R\u00e4ttvist ska det s\u00e5klart vara!<\/p>\n<p>&nbsp;<\/p>\n","protected":false},"excerpt":{"rendered":"<p>Jag hade ledig helg plus en semesterdag i m\u00e5ndags. Det har gjort att jag blivit alldeles f\u00f6rvirrad. Kom till jobbet ig\u00e5r och trodde att det var m\u00e5ndag. Nu idag trodde jag att det var torsdag. :\/ Idag b\u00f6rjade min dag med att s\u00e4tta p\u00e5 en maskin disk, en maskin tv\u00e4tt, samt sopa upp en hel [&hellip;]<\/p>\n","protected":false},"author":1,"featured_media":0,"comment_status":"open","ping_status":"open","sticky":false,"template":"","format":"standard","meta":{"ngg_post_thumbnail":0},"categories":[6],"tags":[],"_links":{"self":[{"href":"https:\/\/ulliso.se\/blog\/index.php?rest_route=\/wp\/v2\/posts\/6068"}],"collection":[{"href":"https:\/\/ulliso.se\/blog\/index.php?rest_route=\/wp\/v2\/posts"}],"about":[{"href":"https:\/\/ulliso.se\/blog\/index.php?rest_route=\/wp\/v2\/types\/post"}],"author":[{"embeddable":true,"href":"https:\/\/ulliso.se\/blog\/index.php?rest_route=\/wp\/v2\/users\/1"}],"replies":[{"embeddable":true,"href":"https:\/\/ulliso.se\/blog\/index.php?rest_route=%2Fwp%2Fv2%2Fcomments&post=6068"}],"version-history":[{"count":3,"href":"https:\/\/ulliso.se\/blog\/index.php?rest_route=\/wp\/v2\/posts\/6068\/revisions"}],"predecessor-version":[{"id":6075,"href":"https:\/\/ulliso.se\/blog\/index.php?rest_route=\/wp\/v2\/posts\/6068\/revisions\/6075"}],"wp:attachment":[{"href":"https:\/\/ulliso.se\/blog\/index.php?rest_route=%2Fwp%2Fv2%2Fmedia&parent=6068"}],"wp:term":[{"taxonomy":"category","embeddable":true,"href":"https:\/\/ulliso.se\/blog\/index.php?rest_route=%2Fwp%2Fv2%2Fcategories&post=6068"},{"taxonomy":"post_tag","embeddable":true,"href":"https:\/\/ulliso.se\/blog\/index.php?rest_route=%2Fwp%2Fv2%2Ftags&post=6068"}],"curies":[{"name":"wp","href":"https:\/\/api.w.org\/{rel}","templated":true}]}}