{"id":6112,"date":"2016-01-03T22:59:22","date_gmt":"2016-01-03T21:59:22","guid":{"rendered":"http:\/\/ulliso.se\/blog\/?p=6112"},"modified":"2016-01-03T22:59:22","modified_gmt":"2016-01-03T21:59:22","slug":"efit-160103","status":"publish","type":"post","link":"https:\/\/ulliso.se\/blog\/?p=6112","title":{"rendered":"EFIT 160103"},"content":{"rendered":"<p><!-- index.php -->\n<div\n\tclass=\"ngg-galleryoverview ngg-ajax-pagination-none\"\n\tid=\"ngg-gallery-6113-1\">\n\n    \t<div class=\"slideshowlink\">\n        <a href='https:\/\/ulliso.se\/blog\/index.php\/nggallery\/slideshow?p=6112'>[Show as slideshow]<\/a>\n\t\t\n\t<\/div>\n\t\t\t<!-- Thumbnails -->\n\t\t\t\t<div id=\"ngg-image-0\" class=\"ngg-gallery-thumbnail-box\" >\n\t\t\t\t        <div class=\"ngg-gallery-thumbnail\">\n            <a href=\"https:\/\/ulliso.se\/blog\/wp-content\/gallery\/efitjan_16\/12jan.JPG\"\n               title=\"12.00: Jag steg upp f\u00f6r ca 20 min sen. Efter ett toabes\u00f6k g\u00f6r jag morgonkaffet. Jag var den f\u00f6rsta i familjen som var uppe. Ja, vi \u00e4r alla lediga, s\u00e5 vi har nattugglat och sovit l\u00e4nge allihopa.\"\n               data-src=\"https:\/\/ulliso.se\/blog\/wp-content\/gallery\/efitjan_16\/12jan.JPG\"\n               data-thumbnail=\"https:\/\/ulliso.se\/blog\/wp-content\/gallery\/efitjan_16\/thumbs\/thumbs_12jan.JPG\"\n               data-image-id=\"946\"\n               data-title=\"12.00\"\n               data-description=\"12.00: Jag steg upp f\u00f6r ca 20 min sen. Efter ett toabes\u00f6k g\u00f6r jag morgonkaffet. Jag var den f\u00f6rsta i familjen som var uppe. Ja, vi \u00e4r alla lediga, s\u00e5 vi har nattugglat och sovit l\u00e4nge allihopa.\"\n               data-image-slug=\"12jan\"\n               class=\"shutterset_6113\">\n                <img\n                    title=\"12.00\"\n                    alt=\"12.00\"\n                    src=\"https:\/\/ulliso.se\/blog\/wp-content\/gallery\/efitjan_16\/thumbs\/thumbs_12jan.JPG\"\n                    width=\"100\"\n                    height=\"75\"\n                    style=\"max-width:100%;\"\n                \/>\n            <\/a>\n        <\/div>\n\t\t\t\t\t\t\t<\/div> \n\t\t\t\n        \n\t\t\t\t<div id=\"ngg-image-1\" class=\"ngg-gallery-thumbnail-box\" >\n\t\t\t\t        <div class=\"ngg-gallery-thumbnail\">\n            <a href=\"https:\/\/ulliso.se\/blog\/wp-content\/gallery\/efitjan_16\/13jan.JPG\"\n               title=\"13.00: Nu ska julen st\u00e4das ut!\"\n               data-src=\"https:\/\/ulliso.se\/blog\/wp-content\/gallery\/efitjan_16\/13jan.JPG\"\n               data-thumbnail=\"https:\/\/ulliso.se\/blog\/wp-content\/gallery\/efitjan_16\/thumbs\/thumbs_13jan.JPG\"\n               data-image-id=\"947\"\n               data-title=\"13.00\"\n               data-description=\"13.00: Nu ska julen st\u00e4das ut!\"\n               data-image-slug=\"13jan\"\n               class=\"shutterset_6113\">\n                <img\n                    title=\"13.00\"\n                    alt=\"13.00\"\n                    src=\"https:\/\/ulliso.se\/blog\/wp-content\/gallery\/efitjan_16\/thumbs\/thumbs_13jan.JPG\"\n                    width=\"100\"\n                    height=\"75\"\n                    style=\"max-width:100%;\"\n                \/>\n            <\/a>\n        <\/div>\n\t\t\t\t\t\t\t<\/div> \n\t\t\t\n        \n\t\t\t\t<div id=\"ngg-image-2\" class=\"ngg-gallery-thumbnail-box\" >\n\t\t\t\t        <div class=\"ngg-gallery-thumbnail\">\n            <a href=\"https:\/\/ulliso.se\/blog\/wp-content\/gallery\/efitjan_16\/14jan.JPG\"\n               title=\"14.00: S\u00e5d\u00e4r ja, nya gardiner uppe.\"\n               data-src=\"https:\/\/ulliso.se\/blog\/wp-content\/gallery\/efitjan_16\/14jan.JPG\"\n               data-thumbnail=\"https:\/\/ulliso.se\/blog\/wp-content\/gallery\/efitjan_16\/thumbs\/thumbs_14jan.JPG\"\n               data-image-id=\"948\"\n               data-title=\"14.00\"\n               data-description=\"14.00: S\u00e5d\u00e4r ja, nya gardiner uppe.\"\n               data-image-slug=\"14jan\"\n               class=\"shutterset_6113\">\n                <img\n                    title=\"14.00\"\n                    alt=\"14.00\"\n                    src=\"https:\/\/ulliso.se\/blog\/wp-content\/gallery\/efitjan_16\/thumbs\/thumbs_14jan.JPG\"\n                    width=\"100\"\n                    height=\"75\"\n                    style=\"max-width:100%;\"\n                \/>\n            <\/a>\n        <\/div>\n\t\t\t\t\t\t\t<\/div> \n\t\t\t\n        \n\t\t\t\t<div id=\"ngg-image-3\" class=\"ngg-gallery-thumbnail-box\" >\n\t\t\t\t        <div class=\"ngg-gallery-thumbnail\">\n            <a href=\"https:\/\/ulliso.se\/blog\/wp-content\/gallery\/efitjan_16\/15jan.JPG\"\n               title=\"15.00: Emmy st\u00e4dar p\u00e5 sitt rum. S\u00e4cken \u00e4r full med sopor fr\u00e5n hennes rum. Nu dammsuger hon.\"\n               data-src=\"https:\/\/ulliso.se\/blog\/wp-content\/gallery\/efitjan_16\/15jan.JPG\"\n               data-thumbnail=\"https:\/\/ulliso.se\/blog\/wp-content\/gallery\/efitjan_16\/thumbs\/thumbs_15jan.JPG\"\n               data-image-id=\"949\"\n               data-title=\"15.00\"\n               data-description=\"15.00: Emmy st\u00e4dar p\u00e5 sitt rum. S\u00e4cken \u00e4r full med sopor fr\u00e5n hennes rum. Nu dammsuger hon.\"\n               data-image-slug=\"15jan\"\n               class=\"shutterset_6113\">\n                <img\n                    title=\"15.00\"\n                    alt=\"15.00\"\n                    src=\"https:\/\/ulliso.se\/blog\/wp-content\/gallery\/efitjan_16\/thumbs\/thumbs_15jan.JPG\"\n                    width=\"100\"\n                    height=\"75\"\n                    style=\"max-width:100%;\"\n                \/>\n            <\/a>\n        <\/div>\n\t\t\t\t\t\t\t<\/div> \n\t\t\t\n        \n\t\t\t\t<div id=\"ngg-image-4\" class=\"ngg-gallery-thumbnail-box\" >\n\t\t\t\t        <div class=\"ngg-gallery-thumbnail\">\n            <a href=\"https:\/\/ulliso.se\/blog\/wp-content\/gallery\/efitjan_16\/16jan.JPG\"\n               title=\"16.00: Jag och Jonas \u00e4r p\u00e5 Coop.\"\n               data-src=\"https:\/\/ulliso.se\/blog\/wp-content\/gallery\/efitjan_16\/16jan.JPG\"\n               data-thumbnail=\"https:\/\/ulliso.se\/blog\/wp-content\/gallery\/efitjan_16\/thumbs\/thumbs_16jan.JPG\"\n               data-image-id=\"950\"\n               data-title=\"16.00\"\n               data-description=\"16.00: Jag och Jonas \u00e4r p\u00e5 Coop.\"\n               data-image-slug=\"16jan\"\n               class=\"shutterset_6113\">\n                <img\n                    title=\"16.00\"\n                    alt=\"16.00\"\n                    src=\"https:\/\/ulliso.se\/blog\/wp-content\/gallery\/efitjan_16\/thumbs\/thumbs_16jan.JPG\"\n                    width=\"100\"\n                    height=\"75\"\n                    style=\"max-width:100%;\"\n                \/>\n            <\/a>\n        <\/div>\n\t\t\t\t\t\t\t<\/div> \n\t\t\t\n        \n\t\t\t\t<div id=\"ngg-image-5\" class=\"ngg-gallery-thumbnail-box\" >\n\t\t\t\t        <div class=\"ngg-gallery-thumbnail\">\n            <a href=\"https:\/\/ulliso.se\/blog\/wp-content\/gallery\/efitjan_16\/17jan.JPG\"\n               title=\"17.00: Dagens snabba latmiddag. Pasta och falukorv. Glutenfri pasta till mig, s\u00e5klart! \u00c4r inne p\u00e5 mitt andra \u00e5r som totalt glutenfri nu! Kommer aldrig att \u00e4ta n\u00e5got gluten igen. Min mage \u00e4r s\u00e5 mycket gladare numera. :)\"\n               data-src=\"https:\/\/ulliso.se\/blog\/wp-content\/gallery\/efitjan_16\/17jan.JPG\"\n               data-thumbnail=\"https:\/\/ulliso.se\/blog\/wp-content\/gallery\/efitjan_16\/thumbs\/thumbs_17jan.JPG\"\n               data-image-id=\"951\"\n               data-title=\"17.00\"\n               data-description=\"17.00: Dagens snabba latmiddag. Pasta och falukorv. Glutenfri pasta till mig, s\u00e5klart! \u00c4r inne p\u00e5 mitt andra \u00e5r som totalt glutenfri nu! Kommer aldrig att \u00e4ta n\u00e5got gluten igen. Min mage \u00e4r s\u00e5 mycket gladare numera. :)\"\n               data-image-slug=\"17jan\"\n               class=\"shutterset_6113\">\n                <img\n                    title=\"17.00\"\n                    alt=\"17.00\"\n                    src=\"https:\/\/ulliso.se\/blog\/wp-content\/gallery\/efitjan_16\/thumbs\/thumbs_17jan.JPG\"\n                    width=\"100\"\n                    height=\"75\"\n                    style=\"max-width:100%;\"\n                \/>\n            <\/a>\n        <\/div>\n\t\t\t\t\t\t\t<\/div> \n\t\t\t\n        \n\t\t\t\t<div id=\"ngg-image-6\" class=\"ngg-gallery-thumbnail-box\" >\n\t\t\t\t        <div class=\"ngg-gallery-thumbnail\">\n            <a href=\"https:\/\/ulliso.se\/blog\/wp-content\/gallery\/efitjan_16\/18jan.JPG\"\n               title=\"18.00: Bakar glutenfritt x 2, dels LCHF-frallor (p\u00e5 pl\u00e5ten) och sen surbr\u00f6ds-kn\u00e4ckebr\u00f6d i sk\u00e5len (fr\u00e5n p\u00e5smixen).\"\n               data-src=\"https:\/\/ulliso.se\/blog\/wp-content\/gallery\/efitjan_16\/18jan.JPG\"\n               data-thumbnail=\"https:\/\/ulliso.se\/blog\/wp-content\/gallery\/efitjan_16\/thumbs\/thumbs_18jan.JPG\"\n               data-image-id=\"952\"\n               data-title=\"18.00\"\n               data-description=\"18.00: Bakar glutenfritt x 2, dels LCHF-frallor (p\u00e5 pl\u00e5ten) och sen surbr\u00f6ds-kn\u00e4ckebr\u00f6d i sk\u00e5len (fr\u00e5n p\u00e5smixen).\"\n               data-image-slug=\"18jan\"\n               class=\"shutterset_6113\">\n                <img\n                    title=\"18.00\"\n                    alt=\"18.00\"\n                    src=\"https:\/\/ulliso.se\/blog\/wp-content\/gallery\/efitjan_16\/thumbs\/thumbs_18jan.JPG\"\n                    width=\"100\"\n                    height=\"75\"\n                    style=\"max-width:100%;\"\n                \/>\n            <\/a>\n        <\/div>\n\t\t\t\t\t\t\t<\/div> \n\t\t\t\n        \n\t\t\t\t<div id=\"ngg-image-7\" class=\"ngg-gallery-thumbnail-box\" >\n\t\t\t\t        <div class=\"ngg-gallery-thumbnail\">\n            <a href=\"https:\/\/ulliso.se\/blog\/wp-content\/gallery\/efitjan_16\/19jan.JPG\"\n               title=\"19.00: Har duschat och ska nu parfymera mig. St\u00e5r och funderar p\u00e5 vad jag ska v\u00e4lja av alla mina parfymer. Det blev Fenjal, den turkosa sprayflaskan p\u00e5 \u00f6versta hyllan.\"\n               data-src=\"https:\/\/ulliso.se\/blog\/wp-content\/gallery\/efitjan_16\/19jan.JPG\"\n               data-thumbnail=\"https:\/\/ulliso.se\/blog\/wp-content\/gallery\/efitjan_16\/thumbs\/thumbs_19jan.JPG\"\n               data-image-id=\"953\"\n               data-title=\"19.00\"\n               data-description=\"19.00: Har duschat och ska nu parfymera mig. St\u00e5r och funderar p\u00e5 vad jag ska v\u00e4lja av alla mina parfymer. Det blev Fenjal, den turkosa sprayflaskan p\u00e5 \u00f6versta hyllan.\"\n               data-image-slug=\"19jan\"\n               class=\"shutterset_6113\">\n                <img\n                    title=\"19.00\"\n                    alt=\"19.00\"\n                    src=\"https:\/\/ulliso.se\/blog\/wp-content\/gallery\/efitjan_16\/thumbs\/thumbs_19jan.JPG\"\n                    width=\"100\"\n                    height=\"75\"\n                    style=\"max-width:100%;\"\n                \/>\n            <\/a>\n        <\/div>\n\t\t\t\t\t\t\t<\/div> \n\t\t\t\n        \n\t\t\t\t<div id=\"ngg-image-8\" class=\"ngg-gallery-thumbnail-box\" >\n\t\t\t\t        <div class=\"ngg-gallery-thumbnail\">\n            <a href=\"https:\/\/ulliso.se\/blog\/wp-content\/gallery\/efitjan_16\/20jan.JPG\"\n               title=\"20.00: Jag och sambon ska se denna film. Vi s\u00e5g de andra tv\u00e5 ig\u00e5r. :)\"\n               data-src=\"https:\/\/ulliso.se\/blog\/wp-content\/gallery\/efitjan_16\/20jan.JPG\"\n               data-thumbnail=\"https:\/\/ulliso.se\/blog\/wp-content\/gallery\/efitjan_16\/thumbs\/thumbs_20jan.JPG\"\n               data-image-id=\"954\"\n               data-title=\"20.00\"\n               data-description=\"20.00: Jag och sambon ska se denna film. Vi s\u00e5g de andra tv\u00e5 ig\u00e5r. :)\"\n               data-image-slug=\"20jan\"\n               class=\"shutterset_6113\">\n                <img\n                    title=\"20.00\"\n                    alt=\"20.00\"\n                    src=\"https:\/\/ulliso.se\/blog\/wp-content\/gallery\/efitjan_16\/thumbs\/thumbs_20jan.JPG\"\n                    width=\"100\"\n                    height=\"75\"\n                    style=\"max-width:100%;\"\n                \/>\n            <\/a>\n        <\/div>\n\t\t\t\t\t\t\t<\/div> \n\t\t\t\n        \n\t\t\n\t\t<!-- Pagination -->\n\t<div class='ngg-clear'><\/div>\t<\/div>\n<\/p>\n","protected":false},"excerpt":{"rendered":"<p>[Show as slideshow]<\/p>\n","protected":false},"author":1,"featured_media":0,"comment_status":"open","ping_status":"open","sticky":false,"template":"","format":"standard","meta":{"ngg_post_thumbnail":0},"categories":[21],"tags":[],"_links":{"self":[{"href":"https:\/\/ulliso.se\/blog\/index.php?rest_route=\/wp\/v2\/posts\/6112"}],"collection":[{"href":"https:\/\/ulliso.se\/blog\/index.php?rest_route=\/wp\/v2\/posts"}],"about":[{"href":"https:\/\/ulliso.se\/blog\/index.php?rest_route=\/wp\/v2\/types\/post"}],"author":[{"embeddable":true,"href":"https:\/\/ulliso.se\/blog\/index.php?rest_route=\/wp\/v2\/users\/1"}],"replies":[{"embeddable":true,"href":"https:\/\/ulliso.se\/blog\/index.php?rest_route=%2Fwp%2Fv2%2Fcomments&post=6112"}],"version-history":[{"count":1,"href":"https:\/\/ulliso.se\/blog\/index.php?rest_route=\/wp\/v2\/posts\/6112\/revisions"}],"predecessor-version":[{"id":6114,"href":"https:\/\/ulliso.se\/blog\/index.php?rest_route=\/wp\/v2\/posts\/6112\/revisions\/6114"}],"wp:attachment":[{"href":"https:\/\/ulliso.se\/blog\/index.php?rest_route=%2Fwp%2Fv2%2Fmedia&parent=6112"}],"wp:term":[{"taxonomy":"category","embeddable":true,"href":"https:\/\/ulliso.se\/blog\/index.php?rest_route=%2Fwp%2Fv2%2Fcategories&post=6112"},{"taxonomy":"post_tag","embeddable":true,"href":"https:\/\/ulliso.se\/blog\/index.php?rest_route=%2Fwp%2Fv2%2Ftags&post=6112"}],"curies":[{"name":"wp","href":"https:\/\/api.w.org\/{rel}","templated":true}]}}