{"id":6136,"date":"2016-02-24T11:42:29","date_gmt":"2016-02-24T10:42:29","guid":{"rendered":"http:\/\/ulliso.se\/blog\/?p=6136"},"modified":"2016-02-24T11:54:28","modified_gmt":"2016-02-24T10:54:28","slug":"en-solig-onsdag","status":"publish","type":"post","link":"https:\/\/ulliso.se\/blog\/?p=6136","title":{"rendered":"En solig onsdag"},"content":{"rendered":"<p>Japp, solen skiner idag! H\u00e4rligt! Det \u00e4r det d\u00e4r &#8221;starka&#8221; solskenet nu. Det starka solskenet som antyder att<em> v\u00e5ren \u00e4r p\u00e5 g\u00e5ng<\/em>, \u00e4ven om det dr\u00f6jer l\u00e4nge till h\u00e4r uppe i norr. Det starka solskenet som man t\u00e4nker: &#8221;<em>K\u00e5bdalis &#8211; en helg i slutet mars\/b\u00f6rjan av april med skotertur och fiske<\/em>&#8221; om. \u00d6nskar att alla jag k\u00e4nner fick vara med om detta, det \u00e4r en ljuvlig upplevelse.<\/p>\n<p>Men \u00e4n \u00e4r vi inte d\u00e4r, utan nu \u00e4r nu, idag.<\/p>\n<p>Min dag idag b\u00f6rjade som vanligt n\u00e4r jag inte jobbar p\u00e5 f\u00f6rmiddagen; jag gick p\u00e5 toaletten och startade sen en maskin med tv\u00e4tt n\u00e4r jag \u00e4nd\u00e5 var d\u00e4r. Sen gick jag ut i k\u00f6ket och satte p\u00e5 nytt kaffe och plockade ur ren disk ur diskmaskinen, satte in smutsig disk och startade den.<\/p>\n<p>Jag har nyss \u00e4tit frukost, idag blev det uppstekt potatis fr\u00e5n g\u00e5rdagens middag. Kryddade med salt, vitpeppar och pommeskrydda och stekte p\u00e5 den ganska h\u00e5rt, s\u00e5 att det blir knaprig stekyta.<\/p>\n<p>Nyss var tv\u00e4tten klar och d\u00e5 sl\u00e4ngde jag in den i torktumlaren. En ny tumlare ink\u00f6ptes f\u00f6r ca 2 veckor sen d\u00e5 v\u00e5r gamla var slut. Jag tycker mycket om den nya tumlaren. Bra med maskiner som underl\u00e4ttar vardagen. Sk\u00f6nt med egen tv\u00e4ttmaskin och tumlare i l\u00e4genheten. Sk\u00f6nt att slippa springa till tv\u00e4ttstugan med all tv\u00e4tt. N\u00e4, jag v\u00e4grar. :p<\/p>\n<p>Just nu ligger katten h\u00e4r p\u00e5 soffkanten och sover bakom mitt huvud. Hon gillar att ligga s\u00e5.<\/p>\n<p>Senare i eftermiddag ska jag \u00e5ka dom 3 kilometrarna till jobbet f\u00f6r att tillsammans med min goa kollega Carina, ge &#8221;v\u00e5ra&#8221; 10 boende middag, kv\u00e4llsmat, mediciner och sen l\u00e4gga i s\u00e4ng och krama dom godnatt. :)<\/p>\n<p><em>Sommarbild fr\u00e5n jobbet.\u00a0<\/em><\/p>\n<p><a title=\"Sommar\" href=\"http:\/\/www.flickr.com\/photos\/41040448@N03\/24936250780\/\" rel=\"\"><img loading=\"lazy\" title=\"Sommar\" src=\"http:\/\/farm2.staticflickr.com\/1678\/24936250780_d9a8ea73a0_z.jpg\" alt=\"Sommar\" width=\"640\" height=\"468\" \/><\/a><\/p>\n","protected":false},"excerpt":{"rendered":"<p>Japp, solen skiner idag! H\u00e4rligt! Det \u00e4r det d\u00e4r &#8221;starka&#8221; solskenet nu. Det starka solskenet som antyder att v\u00e5ren \u00e4r p\u00e5 g\u00e5ng, \u00e4ven om det dr\u00f6jer l\u00e4nge till h\u00e4r uppe i norr. Det starka solskenet som man t\u00e4nker: &#8221;K\u00e5bdalis &#8211; en helg i slutet mars\/b\u00f6rjan av april med skotertur och fiske&#8221; om. \u00d6nskar att alla [&hellip;]<\/p>\n","protected":false},"author":1,"featured_media":0,"comment_status":"open","ping_status":"open","sticky":false,"template":"","format":"standard","meta":{"ngg_post_thumbnail":0},"categories":[6],"tags":[],"_links":{"self":[{"href":"https:\/\/ulliso.se\/blog\/index.php?rest_route=\/wp\/v2\/posts\/6136"}],"collection":[{"href":"https:\/\/ulliso.se\/blog\/index.php?rest_route=\/wp\/v2\/posts"}],"about":[{"href":"https:\/\/ulliso.se\/blog\/index.php?rest_route=\/wp\/v2\/types\/post"}],"author":[{"embeddable":true,"href":"https:\/\/ulliso.se\/blog\/index.php?rest_route=\/wp\/v2\/users\/1"}],"replies":[{"embeddable":true,"href":"https:\/\/ulliso.se\/blog\/index.php?rest_route=%2Fwp%2Fv2%2Fcomments&post=6136"}],"version-history":[{"count":8,"href":"https:\/\/ulliso.se\/blog\/index.php?rest_route=\/wp\/v2\/posts\/6136\/revisions"}],"predecessor-version":[{"id":6144,"href":"https:\/\/ulliso.se\/blog\/index.php?rest_route=\/wp\/v2\/posts\/6136\/revisions\/6144"}],"wp:attachment":[{"href":"https:\/\/ulliso.se\/blog\/index.php?rest_route=%2Fwp%2Fv2%2Fmedia&parent=6136"}],"wp:term":[{"taxonomy":"category","embeddable":true,"href":"https:\/\/ulliso.se\/blog\/index.php?rest_route=%2Fwp%2Fv2%2Fcategories&post=6136"},{"taxonomy":"post_tag","embeddable":true,"href":"https:\/\/ulliso.se\/blog\/index.php?rest_route=%2Fwp%2Fv2%2Ftags&post=6136"}],"curies":[{"name":"wp","href":"https:\/\/api.w.org\/{rel}","templated":true}]}}