{"id":6151,"date":"2016-02-25T22:48:16","date_gmt":"2016-02-25T21:48:16","guid":{"rendered":"http:\/\/ulliso.se\/blog\/?p=6151"},"modified":"2016-02-25T22:55:19","modified_gmt":"2016-02-25T21:55:19","slug":"torsdag-kvall","status":"publish","type":"post","link":"https:\/\/ulliso.se\/blog\/?p=6151","title":{"rendered":"Torsdag kv\u00e4ll"},"content":{"rendered":"<p>Detta inl\u00e4gg blir &#8221;bak och fram&#8221;. Dvs jag b\u00f6rjar med det senaste f\u00f6rst och g\u00e5r bak\u00e5t. :p<\/p>\n<p>Jag har precis kv\u00e4llsmat, n\u00e4mligen resterna av pizzan som jag gjorde till middag idag. Eller r\u00e4ttare sagt, jag gjorde<strong> tv\u00e5<\/strong> pizzor. En vanlig <em>med<\/em> mj\u00f6l till familjen och en glutenfri till mig. F\u00f6r tv\u00e5 veckor sedan hittade jag denna\u00a0glutenfria\u00a0pizzadeg som var\u00a0f\u00e4rdig och kyld p\u00e5 Coop och jag gillade det mycket, s\u00e5 idag blev det att jag gjorde det \u00e4nnu en g\u00e5ng.<\/p>\n<p><span style=\"line-height: 1.5;\">F\u00f6r en stund sedan la jag in den sista r\u00e4kningen f\u00f6r denna m\u00e5naden i min bank, det \u00e4r alltid en lika sk\u00f6n k\u00e4nsla n\u00e4r det \u00e4r gjort!\u00a0<\/span><\/p>\n<p>Tjejerna gick p\u00e5 stan en sv\u00e4ng en stund i eftermiddags och kom d\u00e5 hem med en varsin present till mig. &lt;3 Av Ida fick jag Muminmuggen och av Emmy fick jag ljuset.<\/p>\n<p><a href=\"https:\/\/ulliso.se\/blog\/?attachment_id=6152\" rel=\"attachment wp-att-6152\"><img loading=\"lazy\" class=\"alignnone size-medium wp-image-6152\" src=\"https:\/\/ulliso.se\/blog\/wp-content\/uploads\/2016\/02\/IMG_8926-225x300.jpg\" alt=\"IMG_8926\" width=\"225\" height=\"300\" srcset=\"https:\/\/ulliso.se\/blog\/wp-content\/uploads\/2016\/02\/IMG_8926-225x300.jpg 225w, https:\/\/ulliso.se\/blog\/wp-content\/uploads\/2016\/02\/IMG_8926-768x1024.jpg 768w\" sizes=\"(max-width: 225px) 100vw, 225px\" \/><\/a><\/p>\n<p>Jag har haft en ledig dag idag. P\u00e5 f\u00f6rmiddagen gjorde jag inte ett smack, sk\u00f6nt att bara ta det lugnt. Kl. 13 hade jag ett inbokat bes\u00f6k p\u00e5 kvinnokliniken p\u00e5 sjukhuset. Tur man har n\u00e4ra dit, det\u00a0tar h\u00f6gst 5 minuter att g\u00e5. :)<\/p>\n<p>Anledningen till bes\u00f6ket var att kolla upp min misstanke om att jag ev. kan ha delade magmuskler, eller <em><a href=\"http:\/\/www.mammakliniken.se\/mummy-tummy\/vad-ar-diastasis-recti\/\" target=\"_blank\">diastasis recti<\/a><\/em> som det heter p\u00e5 &#8221;l\u00e4karspr\u00e5k&#8221;. \u00a0Har t\u00e4nkt kolla upp detta i m\u00e5nga, m\u00e5nga \u00e5r men aldrig kommit till skott. Jag har ju genomg\u00e5tt 3 graviditeter med 3 stora bebisar (de v\u00e4gde drygt 5200 gram, 4100 gram resp 4700\u00a0gram n\u00e4r de f\u00f6ddes) och gjort 3 kejsarsnitt pga b\u00e4ckentr\u00e4ngsel.<\/p>\n<p>Men nu fick jag allts\u00e5 tummarna ur att kolla upp detta, och mycket riktigt s\u00e5 st\u00e4mde min misstanke. Jag <em>har<\/em> delade magmuskler, 20 cm. S\u00e5 nu \u00e4r n\u00e4sta steg en sjukgymnast f\u00f6r att se om \u00f6vningar kan fixa till det hela. Om <em>inte<\/em>, s\u00e5 blir det en operation d\u00e4r de syr ihop magmusklerna. Men det vill jag helst slippa eftersom det inneb\u00e4r ett l\u00e5ngt \u00e4rr mitt p\u00e5 magen samt sjukskrivning i n\u00e5gra veckor. Har varken lust eller r\u00e5d med att vara borta fr\u00e5n\u00a0jobbet i n\u00e5gra veckor. Alternativet vore kanske att f\u00e5 enkla kontorssysslor p\u00e5 jobbet, men det finns knappast inget s\u00e5nt. S\u00e5 en sjukgymnast \u00e4r kontaktad, f\u00e5r hoppas att dom kan hj\u00e4lpa mig d\u00e4r. Har ju ett favoritst\u00e4lle dit jag alltid g\u00e5r om jag beh\u00f6ver sjukgymnast, dom \u00e4r b\u00e4st d\u00e4r.<\/p>\n<p>\u00c4lskar att bo h\u00e4r, dom \u00e4r alltid s\u00e5 trevliga p\u00e5 alla st\u00e4llen\u00a0jag kommer i kontakt med\u00a0och jag f\u00e5r alltid den hj\u00e4lp jag beh\u00f6ver. Just nu har jag en del att st\u00e5 i, i och med att de tv\u00e5 \u00e4ldsta snart ska l\u00e4mna boet och d\u00e5 \u00e4r det sk\u00f6nt med folk som kan upplysa en\u00a0och hj\u00e4lpa till med\u00a0div. saker.<\/p>\n<p><strong><em><span style=\"color: #ff0000;\">Pite\u00e5 &#8211; det \u00e4r hit man kommer n\u00e4r man kommer hem<\/span><\/em><\/strong> = sant!<\/p>\n<p>En video med mina favoriter. &lt;3<\/p>\n<p><iframe loading=\"lazy\" width=\"500\" height=\"375\" src=\"https:\/\/www.youtube.com\/embed\/WrVlX4gifGQ?feature=oembed\" frameborder=\"0\" allowfullscreen><\/iframe><\/p>\n","protected":false},"excerpt":{"rendered":"<p>Detta inl\u00e4gg blir &#8221;bak och fram&#8221;. Dvs jag b\u00f6rjar med det senaste f\u00f6rst och g\u00e5r bak\u00e5t. :p Jag har precis kv\u00e4llsmat, n\u00e4mligen resterna av pizzan som jag gjorde till middag idag. Eller r\u00e4ttare sagt, jag gjorde tv\u00e5 pizzor. En vanlig med mj\u00f6l till familjen och en glutenfri till mig. F\u00f6r tv\u00e5 veckor sedan hittade jag [&hellip;]<\/p>\n","protected":false},"author":1,"featured_media":0,"comment_status":"open","ping_status":"open","sticky":false,"template":"","format":"standard","meta":{"ngg_post_thumbnail":0},"categories":[6],"tags":[],"_links":{"self":[{"href":"https:\/\/ulliso.se\/blog\/index.php?rest_route=\/wp\/v2\/posts\/6151"}],"collection":[{"href":"https:\/\/ulliso.se\/blog\/index.php?rest_route=\/wp\/v2\/posts"}],"about":[{"href":"https:\/\/ulliso.se\/blog\/index.php?rest_route=\/wp\/v2\/types\/post"}],"author":[{"embeddable":true,"href":"https:\/\/ulliso.se\/blog\/index.php?rest_route=\/wp\/v2\/users\/1"}],"replies":[{"embeddable":true,"href":"https:\/\/ulliso.se\/blog\/index.php?rest_route=%2Fwp%2Fv2%2Fcomments&post=6151"}],"version-history":[{"count":5,"href":"https:\/\/ulliso.se\/blog\/index.php?rest_route=\/wp\/v2\/posts\/6151\/revisions"}],"predecessor-version":[{"id":6157,"href":"https:\/\/ulliso.se\/blog\/index.php?rest_route=\/wp\/v2\/posts\/6151\/revisions\/6157"}],"wp:attachment":[{"href":"https:\/\/ulliso.se\/blog\/index.php?rest_route=%2Fwp%2Fv2%2Fmedia&parent=6151"}],"wp:term":[{"taxonomy":"category","embeddable":true,"href":"https:\/\/ulliso.se\/blog\/index.php?rest_route=%2Fwp%2Fv2%2Fcategories&post=6151"},{"taxonomy":"post_tag","embeddable":true,"href":"https:\/\/ulliso.se\/blog\/index.php?rest_route=%2Fwp%2Fv2%2Ftags&post=6151"}],"curies":[{"name":"wp","href":"https:\/\/api.w.org\/{rel}","templated":true}]}}