{"id":6170,"date":"2016-03-27T19:58:57","date_gmt":"2016-03-27T17:58:57","guid":{"rendered":"http:\/\/ulliso.se\/blog\/?p=6170"},"modified":"2016-03-27T19:58:57","modified_gmt":"2016-03-27T17:58:57","slug":"buzzat-glutenfritt-brod","status":"publish","type":"post","link":"https:\/\/ulliso.se\/blog\/?p=6170","title":{"rendered":"Buzzat glutenfritt br\u00f6d!"},"content":{"rendered":"<p>Jag buzzar glutenfritt br\u00f6d fr\u00e5n <strong>Sch\u00e4r<\/strong> just nu. Jag passade d\u00e5 p\u00e5 att g\u00f6ra varma mackor. :) Jag har <em><strong>massor<\/strong><\/em> med ost (Billingeost), en tomatskiva samt r\u00f6kt skinka n\u00e4r jag g\u00f6r varma mackor till mig.<\/p>\n<p>Mycket gott var det. Det \u00e4r annars s\u00e5 s\u00e4llan som jag g\u00f6r varma mackar, f\u00f6r ofta gl\u00f6mmer jag att k\u00f6pa glutenfritt, vitt br\u00f6d. Sen k\u00e4nns det inte s\u00e5 nyttigt heller, f\u00f6r man h\u00e5ller sig ju inte m\u00e4tt s\u00e5 l\u00e4nge.<\/p>\n<p><a href=\"https:\/\/ulliso.se\/blog\/?attachment_id=6172\" rel=\"attachment wp-att-6172\"><img loading=\"lazy\" class=\"alignnone size-medium wp-image-6172\" src=\"https:\/\/ulliso.se\/blog\/wp-content\/uploads\/2016\/03\/IMG_9184-300x300.jpg\" alt=\"IMG_9184\" width=\"300\" height=\"300\" srcset=\"https:\/\/ulliso.se\/blog\/wp-content\/uploads\/2016\/03\/IMG_9184-300x300.jpg 300w, https:\/\/ulliso.se\/blog\/wp-content\/uploads\/2016\/03\/IMG_9184-150x150.jpg 150w, https:\/\/ulliso.se\/blog\/wp-content\/uploads\/2016\/03\/IMG_9184-768x765.jpg 768w, https:\/\/ulliso.se\/blog\/wp-content\/uploads\/2016\/03\/IMG_9184-1024x1021.jpg 1024w\" sizes=\"(max-width: 300px) 100vw, 300px\" \/><\/a><\/p>\n","protected":false},"excerpt":{"rendered":"<p>Jag buzzar glutenfritt br\u00f6d fr\u00e5n Sch\u00e4r just nu. Jag passade d\u00e5 p\u00e5 att g\u00f6ra varma mackor. :) Jag har massor med ost (Billingeost), en tomatskiva samt r\u00f6kt skinka n\u00e4r jag g\u00f6r varma mackor till mig. Mycket gott var det. Det \u00e4r annars s\u00e5 s\u00e4llan som jag g\u00f6r varma mackar, f\u00f6r ofta gl\u00f6mmer jag att k\u00f6pa [&hellip;]<\/p>\n","protected":false},"author":1,"featured_media":0,"comment_status":"open","ping_status":"open","sticky":false,"template":"","format":"standard","meta":{"ngg_post_thumbnail":0},"categories":[27],"tags":[],"_links":{"self":[{"href":"https:\/\/ulliso.se\/blog\/index.php?rest_route=\/wp\/v2\/posts\/6170"}],"collection":[{"href":"https:\/\/ulliso.se\/blog\/index.php?rest_route=\/wp\/v2\/posts"}],"about":[{"href":"https:\/\/ulliso.se\/blog\/index.php?rest_route=\/wp\/v2\/types\/post"}],"author":[{"embeddable":true,"href":"https:\/\/ulliso.se\/blog\/index.php?rest_route=\/wp\/v2\/users\/1"}],"replies":[{"embeddable":true,"href":"https:\/\/ulliso.se\/blog\/index.php?rest_route=%2Fwp%2Fv2%2Fcomments&post=6170"}],"version-history":[{"count":2,"href":"https:\/\/ulliso.se\/blog\/index.php?rest_route=\/wp\/v2\/posts\/6170\/revisions"}],"predecessor-version":[{"id":6173,"href":"https:\/\/ulliso.se\/blog\/index.php?rest_route=\/wp\/v2\/posts\/6170\/revisions\/6173"}],"wp:attachment":[{"href":"https:\/\/ulliso.se\/blog\/index.php?rest_route=%2Fwp%2Fv2%2Fmedia&parent=6170"}],"wp:term":[{"taxonomy":"category","embeddable":true,"href":"https:\/\/ulliso.se\/blog\/index.php?rest_route=%2Fwp%2Fv2%2Fcategories&post=6170"},{"taxonomy":"post_tag","embeddable":true,"href":"https:\/\/ulliso.se\/blog\/index.php?rest_route=%2Fwp%2Fv2%2Ftags&post=6170"}],"curies":[{"name":"wp","href":"https:\/\/api.w.org\/{rel}","templated":true}]}}