{"id":6184,"date":"2016-04-01T23:21:06","date_gmt":"2016-04-01T21:21:06","guid":{"rendered":"http:\/\/ulliso.se\/blog\/?p=6184"},"modified":"2016-04-01T23:21:06","modified_gmt":"2016-04-01T21:21:06","slug":"ett-vanligt-inlagg-2","status":"publish","type":"post","link":"https:\/\/ulliso.se\/blog\/?p=6184","title":{"rendered":"Ett vanligt inl\u00e4gg!"},"content":{"rendered":"<p>Det har blivit n\u00e5gra reklam-inl\u00e4gg nu p\u00e5 sistone. Men detta inl\u00e4gg blir ett helt vanligt inl\u00e4gg om mitt liv.<\/p>\n<p>Just nu \u00e4r klockan 22.52. Ida sitter h\u00e4r bredvid mig till v\u00e4nster och kollar p\u00e5 &#8221;Playa del sol&#8221; p\u00e5 dvd:n. Katten halvsitter till h\u00f6ger om mig i soffan och ser ut att kolla p\u00e5 TV:n \u00e4ven hon. :p Emmy gick precis in till Linus p\u00e5 hans rum. Jonas spelar sitt dataspel.<\/p>\n<p>Jag har en &#8221;l\u00e5ngvecka&#8221; p\u00e5 jobbet denna vecka, jag jobbar 6 av veckans 7 dagar. Jag har bara varit ledig idag. Ska jobba helg, imorgon och p\u00e5 s\u00f6ndag. N\u00e4sta vecka jobbar jag bara 4 av 7 dagar. S\u00e5 det \u00e4r lite olika det d\u00e4r. Men det \u00e4r sk\u00f6nt att<em> inte<\/em> ha ett &#8221;m\u00e5ndag till fredag-jobb&#8221;. Har haft det f\u00f6rr och tyckte inte alls att det var roligt att g\u00e5 upp tidigt, samt l\u00e4gga mig tidigt i fem vardagar.<\/p>\n<p>Annars har det k\u00e4nts bra p\u00e5 sistone. Jag har f\u00e5tt h\u00e5lla mig ganska pigg och kry nu ett tag *peppar peppar*. Sn\u00f6n \u00e4r p\u00e5 v\u00e4g att f\u00f6rsvinna, \u00e4ven om jag ju tror att det kommer att komma mer sn\u00f6 innan april m\u00e5nad \u00e4r slut. S\u00e5 \u00e4n \u00e4r det inte l\u00f6nt att byta till sommard\u00e4ck.<\/p>\n<p>Jag har dock skiftat om fr\u00e5n vinterjacka till en ny sommarjacka som jag k\u00f6pte p\u00e5 rea p\u00e5 Team Sportia. Har \u00e4ven bytt bort vinterskorna till gympaskorna. N\u00e5gra nya gympaskor blir det (nog) inte, jag har ju s\u00e5 m\u00e5nga par.<\/p>\n<p>Sen \u00e4r det \u00e4ven inbokat ett bes\u00f6k s\u00f6der ifr\u00e5n hit upp till oss i slutet av juni. <strong>Det<\/strong> ska verkligen bli kul! :) &lt;3<\/p>\n<p><a href=\"https:\/\/ulliso.se\/blog\/?attachment_id=6185\" rel=\"attachment wp-att-6185\"><img loading=\"lazy\" class=\"alignnone size-medium wp-image-6185\" src=\"https:\/\/ulliso.se\/blog\/wp-content\/uploads\/2016\/04\/IMG_9293-300x300.jpg\" alt=\"IMG_9293\" width=\"300\" height=\"300\" srcset=\"https:\/\/ulliso.se\/blog\/wp-content\/uploads\/2016\/04\/IMG_9293-300x300.jpg 300w, https:\/\/ulliso.se\/blog\/wp-content\/uploads\/2016\/04\/IMG_9293-150x150.jpg 150w, https:\/\/ulliso.se\/blog\/wp-content\/uploads\/2016\/04\/IMG_9293-768x768.jpg 768w, https:\/\/ulliso.se\/blog\/wp-content\/uploads\/2016\/04\/IMG_9293-1024x1024.jpg 1024w\" sizes=\"(max-width: 300px) 100vw, 300px\" \/><br \/>\n<\/a><em>Cornelia njuter. :)<\/em><\/p>\n<p>&nbsp;<\/p>\n<p>&nbsp;<\/p>\n<p>&nbsp;<\/p>\n","protected":false},"excerpt":{"rendered":"<p>Det har blivit n\u00e5gra reklam-inl\u00e4gg nu p\u00e5 sistone. Men detta inl\u00e4gg blir ett helt vanligt inl\u00e4gg om mitt liv. Just nu \u00e4r klockan 22.52. Ida sitter h\u00e4r bredvid mig till v\u00e4nster och kollar p\u00e5 &#8221;Playa del sol&#8221; p\u00e5 dvd:n. Katten halvsitter till h\u00f6ger om mig i soffan och ser ut att kolla p\u00e5 TV:n \u00e4ven [&hellip;]<\/p>\n","protected":false},"author":1,"featured_media":0,"comment_status":"open","ping_status":"open","sticky":false,"template":"","format":"standard","meta":{"ngg_post_thumbnail":0},"categories":[6],"tags":[],"_links":{"self":[{"href":"https:\/\/ulliso.se\/blog\/index.php?rest_route=\/wp\/v2\/posts\/6184"}],"collection":[{"href":"https:\/\/ulliso.se\/blog\/index.php?rest_route=\/wp\/v2\/posts"}],"about":[{"href":"https:\/\/ulliso.se\/blog\/index.php?rest_route=\/wp\/v2\/types\/post"}],"author":[{"embeddable":true,"href":"https:\/\/ulliso.se\/blog\/index.php?rest_route=\/wp\/v2\/users\/1"}],"replies":[{"embeddable":true,"href":"https:\/\/ulliso.se\/blog\/index.php?rest_route=%2Fwp%2Fv2%2Fcomments&post=6184"}],"version-history":[{"count":1,"href":"https:\/\/ulliso.se\/blog\/index.php?rest_route=\/wp\/v2\/posts\/6184\/revisions"}],"predecessor-version":[{"id":6186,"href":"https:\/\/ulliso.se\/blog\/index.php?rest_route=\/wp\/v2\/posts\/6184\/revisions\/6186"}],"wp:attachment":[{"href":"https:\/\/ulliso.se\/blog\/index.php?rest_route=%2Fwp%2Fv2%2Fmedia&parent=6184"}],"wp:term":[{"taxonomy":"category","embeddable":true,"href":"https:\/\/ulliso.se\/blog\/index.php?rest_route=%2Fwp%2Fv2%2Fcategories&post=6184"},{"taxonomy":"post_tag","embeddable":true,"href":"https:\/\/ulliso.se\/blog\/index.php?rest_route=%2Fwp%2Fv2%2Ftags&post=6184"}],"curies":[{"name":"wp","href":"https:\/\/api.w.org\/{rel}","templated":true}]}}