{"id":6188,"date":"2016-04-22T11:58:32","date_gmt":"2016-04-22T09:58:32","guid":{"rendered":"http:\/\/ulliso.se\/blog\/?p=6188"},"modified":"2016-04-22T12:04:00","modified_gmt":"2016-04-22T10:04:00","slug":"en-fredag-i-april","status":"publish","type":"post","link":"https:\/\/ulliso.se\/blog\/?p=6188","title":{"rendered":"En fredag i april"},"content":{"rendered":"<p>N\u00e4r jag klev upp f\u00f6r att g\u00e5 p\u00e5 toaletten imorse (8.30) s\u00e5 kikade jag som vanligt ut genom f\u00f6nstret f\u00f6r att kolla v\u00e4dret. Det sn\u00f6ade. Inte s\u00e5 kul att se. Men i skrivande stund (11.50) s\u00e5 skiner solen s\u00e5 fint och det sn\u00f6ar inte l\u00e4ngre. Tack f\u00f6r det, vill inte ha mer sn\u00f6 nu. Jag vill ha v\u00e5\u00e5\u00e5\u00e5\u00e5r!<\/p>\n<p>N\u00e4r jag klev upp s\u00e5 startade jag en omg\u00e5ng med underkl\u00e4der i tv\u00e4ttmaskinen. Just nu s\u00e5 h\u00e5ller jag p\u00e5 att torktumla det. Tack och lov f\u00f6r att man har egen tv\u00e4ttmaskin och torktumlare i l\u00e4genheten. Sen har jag diskat upp all disk som var kvar sen ig\u00e5r kv\u00e4ll. Vi har ju v\u00e5r b\u00e4nkdiskmaskin p\u00e5 reparation nu, men jag klarar mig utm\u00e4rkt utan den faktiskt. :) Ida och Jonas h\u00e5ller nog inte med mig, dock.<\/p>\n<p><a href=\"https:\/\/ulliso.se\/blog\/?attachment_id=6189\" rel=\"attachment wp-att-6189\"><img loading=\"lazy\" class=\"alignnone size-medium wp-image-6189\" src=\"https:\/\/ulliso.se\/blog\/wp-content\/uploads\/2016\/04\/DSCF7863-300x207.jpg\" alt=\"DSCF7863\" width=\"300\" height=\"207\" srcset=\"https:\/\/ulliso.se\/blog\/wp-content\/uploads\/2016\/04\/DSCF7863-300x207.jpg 300w, https:\/\/ulliso.se\/blog\/wp-content\/uploads\/2016\/04\/DSCF7863-768x529.jpg 768w, https:\/\/ulliso.se\/blog\/wp-content\/uploads\/2016\/04\/DSCF7863.jpg 900w\" sizes=\"(max-width: 300px) 100vw, 300px\" \/><\/a><\/p>\n<p>Sen har jag stekt upp potatisen som blev \u00f6ver efter middagen ig\u00e5r. Jag steker den med salt, vitpeppar och pommeskrydda. Till det stekte jag 4 \u00e4gg. Ida kom n\u00e4mligen hem p\u00e5 lunch fr\u00e5n sin praktik. Nu har hon g\u00e5tt dit igen. Jag ska h\u00e4mta henne n\u00e4r hon slutar. Sen h\u00e4mtar vi Emmy fr\u00e5n skolan. Efter det \u00e5ker vi och handlar lite. Ska bl.a handla lite gott till barnen att ha i helgen.<\/p>\n<p>Kl. 16 ska jag infinna mig p\u00e5 jobbet f\u00f6r att inleda denna jobbarhelgen. Hoppas det ska g\u00e5 &#8221;l\u00e4tt&#8221; att jobba i helgen. Det \u00e4r ganska tungt d\u00e4r f\u00f6r tillf\u00e4llet och p\u00e5 helgen \u00e4r vi bara tv\u00e5 som jobbar, vilket \u00e4r heltokigt i nul\u00e4get.\u00a0Vi borde f\u00e5 vara tre fram till kl. 12 som l\u00e4get \u00e4r just nu.<\/p>\n","protected":false},"excerpt":{"rendered":"<p>N\u00e4r jag klev upp f\u00f6r att g\u00e5 p\u00e5 toaletten imorse (8.30) s\u00e5 kikade jag som vanligt ut genom f\u00f6nstret f\u00f6r att kolla v\u00e4dret. Det sn\u00f6ade. Inte s\u00e5 kul att se. Men i skrivande stund (11.50) s\u00e5 skiner solen s\u00e5 fint och det sn\u00f6ar inte l\u00e4ngre. Tack f\u00f6r det, vill inte ha mer sn\u00f6 nu. Jag [&hellip;]<\/p>\n","protected":false},"author":1,"featured_media":0,"comment_status":"open","ping_status":"open","sticky":false,"template":"","format":"standard","meta":{"ngg_post_thumbnail":0},"categories":[6],"tags":[],"_links":{"self":[{"href":"https:\/\/ulliso.se\/blog\/index.php?rest_route=\/wp\/v2\/posts\/6188"}],"collection":[{"href":"https:\/\/ulliso.se\/blog\/index.php?rest_route=\/wp\/v2\/posts"}],"about":[{"href":"https:\/\/ulliso.se\/blog\/index.php?rest_route=\/wp\/v2\/types\/post"}],"author":[{"embeddable":true,"href":"https:\/\/ulliso.se\/blog\/index.php?rest_route=\/wp\/v2\/users\/1"}],"replies":[{"embeddable":true,"href":"https:\/\/ulliso.se\/blog\/index.php?rest_route=%2Fwp%2Fv2%2Fcomments&post=6188"}],"version-history":[{"count":4,"href":"https:\/\/ulliso.se\/blog\/index.php?rest_route=\/wp\/v2\/posts\/6188\/revisions"}],"predecessor-version":[{"id":6193,"href":"https:\/\/ulliso.se\/blog\/index.php?rest_route=\/wp\/v2\/posts\/6188\/revisions\/6193"}],"wp:attachment":[{"href":"https:\/\/ulliso.se\/blog\/index.php?rest_route=%2Fwp%2Fv2%2Fmedia&parent=6188"}],"wp:term":[{"taxonomy":"category","embeddable":true,"href":"https:\/\/ulliso.se\/blog\/index.php?rest_route=%2Fwp%2Fv2%2Fcategories&post=6188"},{"taxonomy":"post_tag","embeddable":true,"href":"https:\/\/ulliso.se\/blog\/index.php?rest_route=%2Fwp%2Fv2%2Ftags&post=6188"}],"curies":[{"name":"wp","href":"https:\/\/api.w.org\/{rel}","templated":true}]}}