{"id":6194,"date":"2016-04-22T12:38:22","date_gmt":"2016-04-22T10:38:22","guid":{"rendered":"http:\/\/ulliso.se\/blog\/?p=6194"},"modified":"2016-04-22T12:38:22","modified_gmt":"2016-04-22T10:38:22","slug":"planering-av-sommaren","status":"publish","type":"post","link":"https:\/\/ulliso.se\/blog\/?p=6194","title":{"rendered":"Planering av sommaren"},"content":{"rendered":"<p>Ig\u00e5r satt jag och skrev ner sommarens h\u00e4ndelser samt sommarens\u00a0festivaler\u00a0som jag vill \u00e5ka till.<\/p>\n<ul>\n<li>Midsommar.<\/li>\n<li>Mina f\u00f6r\u00e4ldrar kommer p\u00e5 bes\u00f6k.<\/li>\n<li>Stadsfesten i Skellefte\u00e5 (Winnerb\u00e4ck kommer dit).<\/li>\n<li>Timbuktu kommer till Pite Havsbad.<\/li>\n<li>Hamnfestivalen i Lule\u00e5 med <a href=\"http:\/\/luleahamnfestival.se\/artist\/sommarsverige-till-lulea-hamnfestival\/\">Sommarsverige<\/a>.<\/li>\n<li>Tr\u00e4stock i Skellefte\u00e5 (Movits! kommer dit).<\/li>\n<li>PDOL.<\/li>\n<li><a href=\"http:\/\/www.storanolia.se\/\">Stora Nolia<\/a>\u00a0i augusti.<\/li>\n<\/ul>\n<p>Sen ska vi \u00e5ka till <a href=\"http:\/\/www.visitnorway.se\/resmal\/nord-norge\/bodo\/\">Bod\u00f6<\/a> i sommar. Jag blev alldeles k\u00e4r i Norge n\u00e4r vi var dit f\u00f6rra sommaren, s\u00e5 det ska verkligen bli kul att f\u00e5 komma till Bod\u00f6.<\/p>\n","protected":false},"excerpt":{"rendered":"<p>Ig\u00e5r satt jag och skrev ner sommarens h\u00e4ndelser samt sommarens\u00a0festivaler\u00a0som jag vill \u00e5ka till. Midsommar. Mina f\u00f6r\u00e4ldrar kommer p\u00e5 bes\u00f6k. Stadsfesten i Skellefte\u00e5 (Winnerb\u00e4ck kommer dit). Timbuktu kommer till Pite Havsbad. Hamnfestivalen i Lule\u00e5 med Sommarsverige. Tr\u00e4stock i Skellefte\u00e5 (Movits! kommer dit). PDOL. Stora Nolia\u00a0i augusti. Sen ska vi \u00e5ka till Bod\u00f6 i sommar. Jag [&hellip;]<\/p>\n","protected":false},"author":1,"featured_media":0,"comment_status":"open","ping_status":"open","sticky":false,"template":"","format":"standard","meta":{"ngg_post_thumbnail":0},"categories":[6],"tags":[],"_links":{"self":[{"href":"https:\/\/ulliso.se\/blog\/index.php?rest_route=\/wp\/v2\/posts\/6194"}],"collection":[{"href":"https:\/\/ulliso.se\/blog\/index.php?rest_route=\/wp\/v2\/posts"}],"about":[{"href":"https:\/\/ulliso.se\/blog\/index.php?rest_route=\/wp\/v2\/types\/post"}],"author":[{"embeddable":true,"href":"https:\/\/ulliso.se\/blog\/index.php?rest_route=\/wp\/v2\/users\/1"}],"replies":[{"embeddable":true,"href":"https:\/\/ulliso.se\/blog\/index.php?rest_route=%2Fwp%2Fv2%2Fcomments&post=6194"}],"version-history":[{"count":2,"href":"https:\/\/ulliso.se\/blog\/index.php?rest_route=\/wp\/v2\/posts\/6194\/revisions"}],"predecessor-version":[{"id":6196,"href":"https:\/\/ulliso.se\/blog\/index.php?rest_route=\/wp\/v2\/posts\/6194\/revisions\/6196"}],"wp:attachment":[{"href":"https:\/\/ulliso.se\/blog\/index.php?rest_route=%2Fwp%2Fv2%2Fmedia&parent=6194"}],"wp:term":[{"taxonomy":"category","embeddable":true,"href":"https:\/\/ulliso.se\/blog\/index.php?rest_route=%2Fwp%2Fv2%2Fcategories&post=6194"},{"taxonomy":"post_tag","embeddable":true,"href":"https:\/\/ulliso.se\/blog\/index.php?rest_route=%2Fwp%2Fv2%2Ftags&post=6194"}],"curies":[{"name":"wp","href":"https:\/\/api.w.org\/{rel}","templated":true}]}}