{"id":6197,"date":"2016-05-02T22:54:56","date_gmt":"2016-05-02T20:54:56","guid":{"rendered":"http:\/\/ulliso.se\/blog\/?p=6197"},"modified":"2016-05-02T22:55:47","modified_gmt":"2016-05-02T20:55:47","slug":"arets-forsta","status":"publish","type":"post","link":"https:\/\/ulliso.se\/blog\/?p=6197","title":{"rendered":"\u00c5rets f\u00f6rsta&#8230;"},"content":{"rendered":"<p>&#8230; raska promenad tog idag. Blev dock bara en kort promenad eftersom\u00a0middagslagning stod p\u00e5 schemat.<\/p>\n<p><a href=\"https:\/\/ulliso.se\/blog\/?attachment_id=6198\" rel=\"attachment wp-att-6198\"><img loading=\"lazy\" class=\"alignnone size-medium wp-image-6198\" src=\"https:\/\/ulliso.se\/blog\/wp-content\/uploads\/2016\/05\/IMG_9851-300x220.jpg\" alt=\"IMG_9851\" width=\"300\" height=\"220\" srcset=\"https:\/\/ulliso.se\/blog\/wp-content\/uploads\/2016\/05\/IMG_9851-300x220.jpg 300w, https:\/\/ulliso.se\/blog\/wp-content\/uploads\/2016\/05\/IMG_9851.jpg 635w\" sizes=\"(max-width: 300px) 100vw, 300px\" \/><\/a><\/p>\n<p>Nu ikv\u00e4ll har jag bakat fr\u00f6kn\u00e4cke. Senare i veckan ska jag baka fr\u00f6br\u00f6d ocks\u00e5. Ska f\u00f6rs\u00f6ka att \u00e4ta lite b\u00e4ttre nu. Ska f\u00f6rs\u00f6ka dra ner p\u00e5 kolhydraterna. Sockret f\u00f6rs\u00f6ker jag redan l\u00e5ta bli, undantaget var p\u00e5 min f\u00f6delsedag i f\u00f6rra veckan, d\u00e5 fikade jag lite.<\/p>\n","protected":false},"excerpt":{"rendered":"<p>&#8230; raska promenad tog idag. Blev dock bara en kort promenad eftersom\u00a0middagslagning stod p\u00e5 schemat. Nu ikv\u00e4ll har jag bakat fr\u00f6kn\u00e4cke. Senare i veckan ska jag baka fr\u00f6br\u00f6d ocks\u00e5. Ska f\u00f6rs\u00f6ka att \u00e4ta lite b\u00e4ttre nu. Ska f\u00f6rs\u00f6ka dra ner p\u00e5 kolhydraterna. Sockret f\u00f6rs\u00f6ker jag redan l\u00e5ta bli, undantaget var p\u00e5 min f\u00f6delsedag i f\u00f6rra [&hellip;]<\/p>\n","protected":false},"author":1,"featured_media":0,"comment_status":"open","ping_status":"open","sticky":false,"template":"","format":"standard","meta":{"ngg_post_thumbnail":0},"categories":[6],"tags":[],"_links":{"self":[{"href":"https:\/\/ulliso.se\/blog\/index.php?rest_route=\/wp\/v2\/posts\/6197"}],"collection":[{"href":"https:\/\/ulliso.se\/blog\/index.php?rest_route=\/wp\/v2\/posts"}],"about":[{"href":"https:\/\/ulliso.se\/blog\/index.php?rest_route=\/wp\/v2\/types\/post"}],"author":[{"embeddable":true,"href":"https:\/\/ulliso.se\/blog\/index.php?rest_route=\/wp\/v2\/users\/1"}],"replies":[{"embeddable":true,"href":"https:\/\/ulliso.se\/blog\/index.php?rest_route=%2Fwp%2Fv2%2Fcomments&post=6197"}],"version-history":[{"count":2,"href":"https:\/\/ulliso.se\/blog\/index.php?rest_route=\/wp\/v2\/posts\/6197\/revisions"}],"predecessor-version":[{"id":6200,"href":"https:\/\/ulliso.se\/blog\/index.php?rest_route=\/wp\/v2\/posts\/6197\/revisions\/6200"}],"wp:attachment":[{"href":"https:\/\/ulliso.se\/blog\/index.php?rest_route=%2Fwp%2Fv2%2Fmedia&parent=6197"}],"wp:term":[{"taxonomy":"category","embeddable":true,"href":"https:\/\/ulliso.se\/blog\/index.php?rest_route=%2Fwp%2Fv2%2Fcategories&post=6197"},{"taxonomy":"post_tag","embeddable":true,"href":"https:\/\/ulliso.se\/blog\/index.php?rest_route=%2Fwp%2Fv2%2Ftags&post=6197"}],"curies":[{"name":"wp","href":"https:\/\/api.w.org\/{rel}","templated":true}]}}