{"id":6242,"date":"2016-05-21T22:20:24","date_gmt":"2016-05-21T20:20:24","guid":{"rendered":"http:\/\/ulliso.se\/blog\/?p=6242"},"modified":"2016-05-21T22:24:49","modified_gmt":"2016-05-21T20:24:49","slug":"fredagen-den-20e","status":"publish","type":"post","link":"https:\/\/ulliso.se\/blog\/?p=6242","title":{"rendered":"Fredagen den 20:e"},"content":{"rendered":"<p>Ig\u00e5r var det en solig men kall dag. Det bl\u00e5ste isvindar. Men det hindrade mig inte fr\u00e5n att k\u00f6pa en bl\u00e5b\u00e4rs-lyxshake fr\u00e5n Max. Jag har ju sockerstopp nu, men jag frestades av <strong>Matgeek<\/strong> n\u00e4r han testade <a href=\"https:\/\/www.youtube.com\/watch?v=KbnRTm59c8E\">lyxshaker<\/a>. Jag hade n\u00e4mligen inte provat den med bl\u00e5b\u00e4ren. Jag \u00e5t lyxshaken p\u00e5 V\u00e4stra Kajen. Det \u00e4r ett favoritst\u00e4lle. :) Bl\u00e5b\u00e4rsshaken var toppengod!<\/p>\n<p>Har annars provat alla andra smaker utom lakrits-hallon. Jag gillar annars \u00e4ven espresso-caramel b\u00e4st.<\/p>\n<p><a href=\"https:\/\/ulliso.se\/blog\/?attachment_id=6243\" rel=\"attachment wp-att-6243\"><img loading=\"lazy\" class=\"alignnone size-medium wp-image-6243\" src=\"https:\/\/ulliso.se\/blog\/wp-content\/uploads\/2016\/05\/IMG_0229-300x300.jpg\" alt=\"IMG_0229\" width=\"300\" height=\"300\" srcset=\"https:\/\/ulliso.se\/blog\/wp-content\/uploads\/2016\/05\/IMG_0229-300x300.jpg 300w, https:\/\/ulliso.se\/blog\/wp-content\/uploads\/2016\/05\/IMG_0229-150x150.jpg 150w, https:\/\/ulliso.se\/blog\/wp-content\/uploads\/2016\/05\/IMG_0229-768x768.jpg 768w, https:\/\/ulliso.se\/blog\/wp-content\/uploads\/2016\/05\/IMG_0229-1024x1024.jpg 1024w\" sizes=\"(max-width: 300px) 100vw, 300px\" \/><\/a><\/p>\n<p>Efter att jag varit p\u00e5 Max s\u00e5 tog jag mig en sv\u00e4ng till Pitsund f\u00f6r att kolla l\u00e4get d\u00e4r.<\/p>\n<p><a href=\"https:\/\/ulliso.se\/blog\/?attachment_id=6245\" rel=\"attachment wp-att-6245\"><img loading=\"lazy\" class=\"alignnone size-medium wp-image-6245\" src=\"https:\/\/ulliso.se\/blog\/wp-content\/uploads\/2016\/05\/IMG_0222-300x300.jpg\" alt=\"IMG_0222\" width=\"300\" height=\"300\" srcset=\"https:\/\/ulliso.se\/blog\/wp-content\/uploads\/2016\/05\/IMG_0222-300x300.jpg 300w, https:\/\/ulliso.se\/blog\/wp-content\/uploads\/2016\/05\/IMG_0222-150x150.jpg 150w, https:\/\/ulliso.se\/blog\/wp-content\/uploads\/2016\/05\/IMG_0222-768x768.jpg 768w, https:\/\/ulliso.se\/blog\/wp-content\/uploads\/2016\/05\/IMG_0222-1024x1024.jpg 1024w\" sizes=\"(max-width: 300px) 100vw, 300px\" \/><\/a><\/p>\n<p>D\u00e4r var det som vanligt j\u00e4ttefint och h\u00e4rligt!<\/p>\n<p>P\u00e5 kv\u00e4llen var tjejerna iv\u00e4g till en av Idas kompisar. Roligt att \u00e4ven Emmy f\u00e5r vara med dom, det gillar hon. Sonen satt inne p\u00e5 sitt rum. Jag och Jonas \u00e5t svenska jordgubbar som jag k\u00f6pt p\u00e5 Ica Kvantum. Tyv\u00e4rr s\u00e5 hade jag gl\u00f6mt att k\u00f6pa gr\u00e4dde, s\u00e5\u00a0jag fick ta mj\u00f6lk ist\u00e4llet. Det g\u00e5r an det ocks\u00e5, men jag tycker att det \u00e4r godare med gr\u00e4dde till jordgubbar. Givetvis ekologisk gr\u00e4dde fr\u00e5n Norrmejerier d\u00e5.<\/p>\n<p><a href=\"https:\/\/ulliso.se\/blog\/?attachment_id=6246\" rel=\"attachment wp-att-6246\"><img loading=\"lazy\" class=\"alignnone size-medium wp-image-6246\" src=\"https:\/\/ulliso.se\/blog\/wp-content\/uploads\/2016\/05\/IMG_0241-300x300.jpg\" alt=\"IMG_0241\" width=\"300\" height=\"300\" srcset=\"https:\/\/ulliso.se\/blog\/wp-content\/uploads\/2016\/05\/IMG_0241-300x300.jpg 300w, https:\/\/ulliso.se\/blog\/wp-content\/uploads\/2016\/05\/IMG_0241-150x150.jpg 150w, https:\/\/ulliso.se\/blog\/wp-content\/uploads\/2016\/05\/IMG_0241-768x768.jpg 768w, https:\/\/ulliso.se\/blog\/wp-content\/uploads\/2016\/05\/IMG_0241-1024x1024.jpg 1024w\" sizes=\"(max-width: 300px) 100vw, 300px\" \/><\/a><\/p>\n<p>&nbsp;<\/p>\n<p>&nbsp;<\/p>\n","protected":false},"excerpt":{"rendered":"<p>Ig\u00e5r var det en solig men kall dag. Det bl\u00e5ste isvindar. Men det hindrade mig inte fr\u00e5n att k\u00f6pa en bl\u00e5b\u00e4rs-lyxshake fr\u00e5n Max. Jag har ju sockerstopp nu, men jag frestades av Matgeek n\u00e4r han testade lyxshaker. Jag hade n\u00e4mligen inte provat den med bl\u00e5b\u00e4ren. Jag \u00e5t lyxshaken p\u00e5 V\u00e4stra Kajen. Det \u00e4r ett favoritst\u00e4lle. [&hellip;]<\/p>\n","protected":false},"author":1,"featured_media":0,"comment_status":"open","ping_status":"open","sticky":false,"template":"","format":"standard","meta":{"ngg_post_thumbnail":0},"categories":[6],"tags":[],"_links":{"self":[{"href":"https:\/\/ulliso.se\/blog\/index.php?rest_route=\/wp\/v2\/posts\/6242"}],"collection":[{"href":"https:\/\/ulliso.se\/blog\/index.php?rest_route=\/wp\/v2\/posts"}],"about":[{"href":"https:\/\/ulliso.se\/blog\/index.php?rest_route=\/wp\/v2\/types\/post"}],"author":[{"embeddable":true,"href":"https:\/\/ulliso.se\/blog\/index.php?rest_route=\/wp\/v2\/users\/1"}],"replies":[{"embeddable":true,"href":"https:\/\/ulliso.se\/blog\/index.php?rest_route=%2Fwp%2Fv2%2Fcomments&post=6242"}],"version-history":[{"count":7,"href":"https:\/\/ulliso.se\/blog\/index.php?rest_route=\/wp\/v2\/posts\/6242\/revisions"}],"predecessor-version":[{"id":6252,"href":"https:\/\/ulliso.se\/blog\/index.php?rest_route=\/wp\/v2\/posts\/6242\/revisions\/6252"}],"wp:attachment":[{"href":"https:\/\/ulliso.se\/blog\/index.php?rest_route=%2Fwp%2Fv2%2Fmedia&parent=6242"}],"wp:term":[{"taxonomy":"category","embeddable":true,"href":"https:\/\/ulliso.se\/blog\/index.php?rest_route=%2Fwp%2Fv2%2Fcategories&post=6242"},{"taxonomy":"post_tag","embeddable":true,"href":"https:\/\/ulliso.se\/blog\/index.php?rest_route=%2Fwp%2Fv2%2Ftags&post=6242"}],"curies":[{"name":"wp","href":"https:\/\/api.w.org\/{rel}","templated":true}]}}