{"id":6253,"date":"2016-05-21T23:30:44","date_gmt":"2016-05-21T21:30:44","guid":{"rendered":"http:\/\/ulliso.se\/blog\/?p=6253"},"modified":"2016-05-21T23:51:35","modified_gmt":"2016-05-21T21:51:35","slug":"lordag-9","status":"publish","type":"post","link":"https:\/\/ulliso.se\/blog\/?p=6253","title":{"rendered":"L\u00f6rdag"},"content":{"rendered":"<p>Jag har skrivit en lista med diverse saker som vi m\u00e5ste g\u00f6ra h\u00e4r hemma. Eftersom b\u00e5de jag och Jonas \u00e4r lediga denna helgen s\u00e5 t\u00e4nkte jag att vi skulle b\u00f6rja beta av den listan idag.<\/p>\n<p>S\u00e5 f\u00f6rst \u00e5kte vi till Mio f\u00f6r att hitta en hylla. Jag har t\u00e4nkt att ha mina nagellack p\u00e5 den samt lite b\u00f6cker med f\u00e4rgade ryggar.<\/p>\n<p>Vi hittade en hylla p\u00e5 Mio. Det blev en s\u00e5dan h\u00e4r, <a href=\"https:\/\/www.mio.se\/produkt\/star\/25933664\">Star<\/a>.<\/p>\n<p><a href=\"https:\/\/ulliso.se\/blog\/?attachment_id=6258\" rel=\"attachment wp-att-6258\"><img loading=\"lazy\" class=\"alignnone size-medium wp-image-6258\" src=\"https:\/\/ulliso.se\/blog\/wp-content\/uploads\/2016\/05\/81910e5b-faf5-4ece-8dee-a8689f93a2c0-179x300.jpg\" alt=\"81910e5b-faf5-4ece-8dee-a8689f93a2c0\" width=\"179\" height=\"300\" srcset=\"https:\/\/ulliso.se\/blog\/wp-content\/uploads\/2016\/05\/81910e5b-faf5-4ece-8dee-a8689f93a2c0-179x300.jpg 179w, https:\/\/ulliso.se\/blog\/wp-content\/uploads\/2016\/05\/81910e5b-faf5-4ece-8dee-a8689f93a2c0.jpg 417w\" sizes=\"(max-width: 179px) 100vw, 179px\" \/><\/a><\/p>\n<p>Efter det s\u00e5 k\u00f6rde vi en &#8221;liten&#8221; runda med bilen. Vi \u00e5kte bl.a f\u00f6rbi i <a href=\"https:\/\/sv.wikipedia.org\/wiki\/Munksund\">Munksund<\/a> f\u00f6r att spana in lite intressanta hus och s\u00e5. ;)<\/p>\n<p>Sedan \u00e5kte vi till Pitsund. F\u00f6r mig blev det andra dagen i rad som jag var d\u00e4r. Men det \u00e4r ju s\u00e5 mysigt d\u00e4r. Ska visa mina f\u00f6r\u00e4ldrar det n\u00e4r dom kommer upp senare i sommar. :)<\/p>\n<p>P\u00e5 tillbaka-v\u00e4gen \u00e5kte vi till Coop och handlade till middagen.<\/p>\n<p>V\u00e4l hemma s\u00e5 monterade vi upp hyllan som katten genast la beslag p\u00e5.<\/p>\n<p><a href=\"https:\/\/ulliso.se\/blog\/?attachment_id=6255\" rel=\"attachment wp-att-6255\"><img loading=\"lazy\" class=\"alignnone size-medium wp-image-6255\" src=\"https:\/\/ulliso.se\/blog\/wp-content\/uploads\/2016\/05\/IMG_0265-300x300.jpg\" alt=\"IMG_0265\" width=\"300\" height=\"300\" srcset=\"https:\/\/ulliso.se\/blog\/wp-content\/uploads\/2016\/05\/IMG_0265-300x300.jpg 300w, https:\/\/ulliso.se\/blog\/wp-content\/uploads\/2016\/05\/IMG_0265-150x150.jpg 150w, https:\/\/ulliso.se\/blog\/wp-content\/uploads\/2016\/05\/IMG_0265-768x768.jpg 768w, https:\/\/ulliso.se\/blog\/wp-content\/uploads\/2016\/05\/IMG_0265-1024x1024.jpg 1024w\" sizes=\"(max-width: 300px) 100vw, 300px\" \/><\/a><\/p>\n<p>Nu har jag \u00e4ndrat om lite i hyllan s\u00e5 att hon inte ska kunna hoppa dit och s\u00e4tta sig. Elak matte, visst? ;)<\/p>\n<p>Jag har \u00e4ven bytt plats p\u00e5 en tavla och r\u00e4ttat till den s\u00e5 att den sitter i mitten ovanf\u00f6r v\u00e5r s\u00e4ng. Den f\u00f6rra tavlan och tillika tavelkroken satt inte centrerat. Men nu \u00e4r det klart.<\/p>\n<p>Jonas borrade upp en hylla i Idas rum. S\u00e5 nu kunde vi bocka av 2 punkter p\u00e5 min &#8221;att-g\u00f6ra-lista&#8221;.<\/p>\n<p>Imorgon forts\u00e4tter vi med att beta av listan, men f\u00f6rst m\u00e5ste vi till Clas Ohlsson innan vi kan g\u00f6ra det. Vi beh\u00f6ver lite mera skruvar och plugg, trots att jag har massor. Men dock inga som passar, tyv\u00e4rr. P\u00e5 Clas Ohlsson ska vi \u00e4ven k\u00f6pa skrivarbl\u00e4ck eftersom det snart \u00e4r slut.<\/p>\n<p>Jag ska skriva ut ett ord p\u00e5 pitem\u00e5l samt ett recept p\u00e5 pitepalt p\u00e5 fotopapper och sedan rama in det. Jag har gjort b\u00e5da\u00a0i <a href=\"http:\/\/www.apple.com\/mac\/pages\/\">Pages<\/a>. Busenkelt att g\u00f6ra sina egna prints ist\u00e4llet f\u00f6r att best\u00e4lla dyrt fr\u00e5n n\u00e4tet. D\u00e5 f\u00e5r man ju ocks\u00e5 sin egna design.<\/p>\n<p>Till middag \u00e5t vi potatisgrat\u00e4ng med fl\u00e4skfile och sallad. Jag g\u00f6r potatisgrat\u00e4ngen efter <a href=\"http:\/\/kryddburken.se\/2014\/05\/29\/rostbiff-med-potatisgratang\/\">DETTA<\/a> recept. S\u00e5 himla gott!<\/p>\n<p><a href=\"https:\/\/ulliso.se\/blog\/?attachment_id=6256\" rel=\"attachment wp-att-6256\"><img loading=\"lazy\" class=\"alignnone size-medium wp-image-6256\" src=\"https:\/\/ulliso.se\/blog\/wp-content\/uploads\/2016\/05\/IMG_0258-300x243.jpg\" alt=\"IMG_0258\" width=\"300\" height=\"243\" srcset=\"https:\/\/ulliso.se\/blog\/wp-content\/uploads\/2016\/05\/IMG_0258-300x243.jpg 300w, https:\/\/ulliso.se\/blog\/wp-content\/uploads\/2016\/05\/IMG_0258-768x622.jpg 768w, https:\/\/ulliso.se\/blog\/wp-content\/uploads\/2016\/05\/IMG_0258-1024x830.jpg 1024w\" sizes=\"(max-width: 300px) 100vw, 300px\" \/><\/a><\/p>\n<p><a href=\"https:\/\/ulliso.se\/blog\/?attachment_id=6257\" rel=\"attachment wp-att-6257\"><img loading=\"lazy\" class=\"alignnone size-medium wp-image-6257\" src=\"https:\/\/ulliso.se\/blog\/wp-content\/uploads\/2016\/05\/IMG_0259-300x281.jpg\" alt=\"IMG_0259\" width=\"300\" height=\"281\" srcset=\"https:\/\/ulliso.se\/blog\/wp-content\/uploads\/2016\/05\/IMG_0259-300x281.jpg 300w, https:\/\/ulliso.se\/blog\/wp-content\/uploads\/2016\/05\/IMG_0259-768x720.jpg 768w, https:\/\/ulliso.se\/blog\/wp-content\/uploads\/2016\/05\/IMG_0259-1024x960.jpg 1024w\" sizes=\"(max-width: 300px) 100vw, 300px\" \/><\/a><\/p>\n<p>&nbsp;<\/p>\n","protected":false},"excerpt":{"rendered":"<p>Jag har skrivit en lista med diverse saker som vi m\u00e5ste g\u00f6ra h\u00e4r hemma. Eftersom b\u00e5de jag och Jonas \u00e4r lediga denna helgen s\u00e5 t\u00e4nkte jag att vi skulle b\u00f6rja beta av den listan idag. S\u00e5 f\u00f6rst \u00e5kte vi till Mio f\u00f6r att hitta en hylla. Jag har t\u00e4nkt att ha mina nagellack p\u00e5 den [&hellip;]<\/p>\n","protected":false},"author":1,"featured_media":0,"comment_status":"open","ping_status":"open","sticky":false,"template":"","format":"standard","meta":{"ngg_post_thumbnail":0},"categories":[6],"tags":[],"_links":{"self":[{"href":"https:\/\/ulliso.se\/blog\/index.php?rest_route=\/wp\/v2\/posts\/6253"}],"collection":[{"href":"https:\/\/ulliso.se\/blog\/index.php?rest_route=\/wp\/v2\/posts"}],"about":[{"href":"https:\/\/ulliso.se\/blog\/index.php?rest_route=\/wp\/v2\/types\/post"}],"author":[{"embeddable":true,"href":"https:\/\/ulliso.se\/blog\/index.php?rest_route=\/wp\/v2\/users\/1"}],"replies":[{"embeddable":true,"href":"https:\/\/ulliso.se\/blog\/index.php?rest_route=%2Fwp%2Fv2%2Fcomments&post=6253"}],"version-history":[{"count":4,"href":"https:\/\/ulliso.se\/blog\/index.php?rest_route=\/wp\/v2\/posts\/6253\/revisions"}],"predecessor-version":[{"id":6262,"href":"https:\/\/ulliso.se\/blog\/index.php?rest_route=\/wp\/v2\/posts\/6253\/revisions\/6262"}],"wp:attachment":[{"href":"https:\/\/ulliso.se\/blog\/index.php?rest_route=%2Fwp%2Fv2%2Fmedia&parent=6253"}],"wp:term":[{"taxonomy":"category","embeddable":true,"href":"https:\/\/ulliso.se\/blog\/index.php?rest_route=%2Fwp%2Fv2%2Fcategories&post=6253"},{"taxonomy":"post_tag","embeddable":true,"href":"https:\/\/ulliso.se\/blog\/index.php?rest_route=%2Fwp%2Fv2%2Ftags&post=6253"}],"curies":[{"name":"wp","href":"https:\/\/api.w.org\/{rel}","templated":true}]}}