{"id":6297,"date":"2016-09-17T23:01:49","date_gmt":"2016-09-17T21:01:49","guid":{"rendered":"http:\/\/ulliso.se\/blog\/?p=6297"},"modified":"2016-09-18T21:01:39","modified_gmt":"2016-09-18T19:01:39","slug":"17-september","status":"publish","type":"post","link":"https:\/\/ulliso.se\/blog\/?p=6297","title":{"rendered":"17 september"},"content":{"rendered":"<p>Det var verkligen inte ig\u00e5r som jag skrev h\u00e4r. :D<\/p>\n<p>Jag skrev pyttelite b\u00f6rjan av sommaren. S\u00e5 vad har d\u00e5 h\u00e4nt fr\u00e5n d\u00e5 till nu?<\/p>\n<p>Jo, bl.a detta!<\/p>\n<p>Mina f\u00f6r\u00e4ldrar varit hit p\u00e5 bes\u00f6k i slutet av juni. Det var roligt att f\u00e5 visa dom runt h\u00e4r, plus att dom ju \u00e4ven fick tr\u00e4ffa Jonas f\u00f6r\u00e4ldrar. Det var d\u00e5 verkligen p\u00e5 tiden!<\/p>\n<p>Jag har haft semester i 4 veckor, varav jag nj\u00f6t de mittersta 2 veckorna. De andra tv\u00e5 (den f\u00f6rsta veckan och den sista veckan) s\u00e5 l\u00e4ngtade jag bara tillbaks till jobbet. Det var samma sak f\u00f6rra \u00e5ret p\u00e5 min semester&#8230;<\/p>\n<p>Jag och sambon har sett Bo Kaspers h\u00e4r i stan, p\u00e5 borgg\u00e5rden, Furun\u00e4set (i slutet av juni). Vi har ocks\u00e5 sett p\u00e5 Euskefeurat (i slutet av juli) p\u00e5 PDOL, samt sett Arvingarna (i b\u00f6rjan p\u00e5 augusti) uppe p\u00e5 Spafyren p\u00e5 Pite Havsbad (d\u00e5 var \u00e4ven yngsta dottern med).<\/p>\n<p><a href=\"https:\/\/ulliso.se\/blog\/?attachment_id=6307\" rel=\"attachment wp-att-6307\"><img loading=\"lazy\" class=\"alignnone wp-image-6307 size-medium\" src=\"https:\/\/ulliso.se\/blog\/wp-content\/uploads\/2016\/09\/IMG_1093-300x300.jpg\" alt=\"Bo Kaspers\" width=\"300\" height=\"300\" srcset=\"https:\/\/ulliso.se\/blog\/wp-content\/uploads\/2016\/09\/IMG_1093-300x300.jpg 300w, https:\/\/ulliso.se\/blog\/wp-content\/uploads\/2016\/09\/IMG_1093-150x150.jpg 150w, https:\/\/ulliso.se\/blog\/wp-content\/uploads\/2016\/09\/IMG_1093-768x770.jpg 768w, https:\/\/ulliso.se\/blog\/wp-content\/uploads\/2016\/09\/IMG_1093.jpg 800w\" sizes=\"(max-width: 300px) 100vw, 300px\" \/><br \/>\n<\/a><em>Bo Kaspers p\u00e5 Borgg\u00e5rden.\u00a0<\/em><\/p>\n<p><a href=\"https:\/\/ulliso.se\/blog\/?attachment_id=6298\" rel=\"attachment wp-att-6298\"><img loading=\"lazy\" class=\"alignnone size-medium wp-image-6298\" src=\"https:\/\/ulliso.se\/blog\/wp-content\/uploads\/2016\/09\/DSCF9110-300x194.jpg\" alt=\"Euskefeurat\" width=\"300\" height=\"194\" srcset=\"https:\/\/ulliso.se\/blog\/wp-content\/uploads\/2016\/09\/DSCF9110-300x194.jpg 300w, https:\/\/ulliso.se\/blog\/wp-content\/uploads\/2016\/09\/DSCF9110-768x496.jpg 768w, https:\/\/ulliso.se\/blog\/wp-content\/uploads\/2016\/09\/DSCF9110.jpg 800w\" sizes=\"(max-width: 300px) 100vw, 300px\" \/><br \/>\n<\/a><em>Euskefeurat p\u00e5 Krokodil.<\/em><\/p>\n<p><a href=\"https:\/\/ulliso.se\/blog\/?attachment_id=6299\" rel=\"attachment wp-att-6299\"><img loading=\"lazy\" class=\"alignnone size-medium wp-image-6299\" src=\"https:\/\/ulliso.se\/blog\/wp-content\/uploads\/2016\/09\/IMG_1695-300x287.jpg\" alt=\"Arvingarna\" width=\"300\" height=\"287\" srcset=\"https:\/\/ulliso.se\/blog\/wp-content\/uploads\/2016\/09\/IMG_1695-300x287.jpg 300w, https:\/\/ulliso.se\/blog\/wp-content\/uploads\/2016\/09\/IMG_1695-768x734.jpg 768w, https:\/\/ulliso.se\/blog\/wp-content\/uploads\/2016\/09\/IMG_1695.jpg 800w\" sizes=\"(max-width: 300px) 100vw, 300px\" \/><br \/>\n<\/a><em>Arvingarna uppe p\u00e5 Spafyren, Pite Havsbad.<\/p>\n<p><\/em><\/p>\n<p>Om n\u00e5gra veckor ska vi se p\u00e5 Kent. F\u00f6rhoppningsvis f\u00e5r jag se p\u00e5 Euskefeurat \u00c4NNU en g\u00e5ng (blir det f\u00f6r sjunde eller \u00e5ttonde g\u00e5ngen, tro? B\u00f6rjar tappa r\u00e4kningen, haha. Men jag blir <em>aldrig<\/em> less p\u00e5 Euskefeurat).<\/p>\n<p>Vi har hunnit vara i Bod\u00f6, Norge. Yngsta dottern var med dit. P\u00e5 v\u00e4gen dit passerade vi bl.a. Arvidsjaur och Arjeplog. Jag gillar verkligen Arjeplog. Blev alldeles varm i hj\u00e4rtat nu n\u00e4r jag kom dit \u00e4nnu en g\u00e5ng. Det \u00e4r fint att k\u00f6ra mellan Arjeplog och upp till Norge. <em>\u00c4lskar<\/em> verkligen vyerna d\u00e4r.<\/p>\n<p><a href=\"https:\/\/www.visitnorway.se\/resmal\/nord-norge\/bodo\/\"><strong><em>Bod\u00f6<\/em><\/strong><\/a> \u00e4r en j\u00e4ttefin och mysig stad som jag varmt rekommenderar ett bes\u00f6k till. Skulle velat stanna lite l\u00e4ngre \u00e4n vi gjorde bara. En vecka, minst. Vi bodde p\u00e5 ett mysigt hotell, <em><a href=\"http:\/\/www.skagen-hotel.no\/en\/\">Skagen Hotell<\/a><\/em>. Det var ett riktigt familj\u00e4rt hotell. K\u00e4ndes precis som p\u00e5 mitt gamla jobb, Skoogs hotell, d\u00e5 det bara var <em>lilla<\/em> Skoogs. Nu har det verkligen vuxit och blivit <em><a href=\"http:\/\/www.hotellkust.se\/\">Kust Hotell<\/a><\/em>.<\/p>\n<p><a href=\"https:\/\/ulliso.se\/blog\/?attachment_id=6300\" rel=\"attachment wp-att-6300\"><img loading=\"lazy\" class=\"alignnone size-medium wp-image-6300\" src=\"https:\/\/ulliso.se\/blog\/wp-content\/uploads\/2016\/09\/DSCF8868-kopia-300x152.jpg\" alt=\"Bod\u00f6\" width=\"300\" height=\"152\" srcset=\"https:\/\/ulliso.se\/blog\/wp-content\/uploads\/2016\/09\/DSCF8868-kopia-300x152.jpg 300w, https:\/\/ulliso.se\/blog\/wp-content\/uploads\/2016\/09\/DSCF8868-kopia-768x389.jpg 768w, https:\/\/ulliso.se\/blog\/wp-content\/uploads\/2016\/09\/DSCF8868-kopia.jpg 800w\" sizes=\"(max-width: 300px) 100vw, 300px\" \/><br \/>\n<\/a><em><a href=\"https:\/\/no.wikipedia.org\/wiki\/Nyholmen_skandse\">Nyholmen Skandse<\/a>, Bod\u00f6.<\/em><\/p>\n<p><a href=\"https:\/\/ulliso.se\/blog\/?attachment_id=6301\" rel=\"attachment wp-att-6301\"><img loading=\"lazy\" class=\"alignnone size-medium wp-image-6301\" src=\"https:\/\/ulliso.se\/blog\/wp-content\/uploads\/2016\/09\/DSCF8882-kopia-300x198.jpg\" alt=\"Bod\u00f6\" width=\"300\" height=\"198\" srcset=\"https:\/\/ulliso.se\/blog\/wp-content\/uploads\/2016\/09\/DSCF8882-kopia-300x198.jpg 300w, https:\/\/ulliso.se\/blog\/wp-content\/uploads\/2016\/09\/DSCF8882-kopia-768x508.jpg 768w, https:\/\/ulliso.se\/blog\/wp-content\/uploads\/2016\/09\/DSCF8882-kopia.jpg 800w\" sizes=\"(max-width: 300px) 100vw, 300px\" \/><br \/>\n<\/a><em>G\u00e5gata i centrala Bod\u00f6.<\/em><\/p>\n<p><a href=\"https:\/\/ulliso.se\/blog\/?attachment_id=6302\" rel=\"attachment wp-att-6302\"><img loading=\"lazy\" class=\"alignnone size-medium wp-image-6302\" src=\"https:\/\/ulliso.se\/blog\/wp-content\/uploads\/2016\/09\/DSCF9004-kopia-300x197.jpg\" alt=\"Hurtigruten\" width=\"300\" height=\"197\" srcset=\"https:\/\/ulliso.se\/blog\/wp-content\/uploads\/2016\/09\/DSCF9004-kopia-300x197.jpg 300w, https:\/\/ulliso.se\/blog\/wp-content\/uploads\/2016\/09\/DSCF9004-kopia-768x503.jpg 768w, https:\/\/ulliso.se\/blog\/wp-content\/uploads\/2016\/09\/DSCF9004-kopia.jpg 800w\" sizes=\"(max-width: 300px) 100vw, 300px\" \/><br \/>\n<\/a><em>Hurtigruten (Kong Harald) l\u00e5g inne i hamnen.\u00a0<\/em><\/p>\n<p>&nbsp;<\/p>\n<p>Efter att vi kommit hem fr\u00e5n Bod\u00f6 s\u00e5 gjorde vi inte s\u00e5 mycket mer k\u00e4nns det som. Det regnade i m\u00e5nga dagar efter att vi kommit hem, s\u00e5 d\u00e5 tappade jag\u00a0sugen lite. Jag t\u00e4nkte n\u00e4stan att sommaren var \u00f6ver d\u00e5. :D<\/p>\n<p>Jo, vi var till <em><a href=\"http:\/\/www.skelleftea.se\/byskehavsbad\">Byske Havsbad<\/a><\/em> \u00f6ver dagen, samt k\u00f6rde inom B\u00e5tvik p\u00e5 hemv\u00e4gen. I \u00f6vrigt ville vi inte k\u00f6ra s\u00e5 mycket bil efter v\u00e5r tripp till Bod\u00f6. :p Vi har knappt\u00a0ens geocachat denna sommar. Vi har inte varit p\u00e5 Pitholmsheden en endaste g\u00e5ng i sommar. \u00a0Jag har inte heller badat n\u00e5got. Jag som \u00e4lskar att geocacha, att vara p\u00e5 heden och att bada p\u00e5 Gl\u00e4ntan. N\u00e4sta sommar f\u00e5r det bli andra bullar. Om vi hinner d\u00e5&#8230; ;)<\/p>\n","protected":false},"excerpt":{"rendered":"<p>Det var verkligen inte ig\u00e5r som jag skrev h\u00e4r. :D Jag skrev pyttelite b\u00f6rjan av sommaren. S\u00e5 vad har d\u00e5 h\u00e4nt fr\u00e5n d\u00e5 till nu? Jo, bl.a detta! Mina f\u00f6r\u00e4ldrar varit hit p\u00e5 bes\u00f6k i slutet av juni. Det var roligt att f\u00e5 visa dom runt h\u00e4r, plus att dom ju \u00e4ven fick tr\u00e4ffa Jonas [&hellip;]<\/p>\n","protected":false},"author":1,"featured_media":0,"comment_status":"open","ping_status":"open","sticky":false,"template":"","format":"standard","meta":{"ngg_post_thumbnail":0},"categories":[6],"tags":[],"_links":{"self":[{"href":"https:\/\/ulliso.se\/blog\/index.php?rest_route=\/wp\/v2\/posts\/6297"}],"collection":[{"href":"https:\/\/ulliso.se\/blog\/index.php?rest_route=\/wp\/v2\/posts"}],"about":[{"href":"https:\/\/ulliso.se\/blog\/index.php?rest_route=\/wp\/v2\/types\/post"}],"author":[{"embeddable":true,"href":"https:\/\/ulliso.se\/blog\/index.php?rest_route=\/wp\/v2\/users\/1"}],"replies":[{"embeddable":true,"href":"https:\/\/ulliso.se\/blog\/index.php?rest_route=%2Fwp%2Fv2%2Fcomments&post=6297"}],"version-history":[{"count":6,"href":"https:\/\/ulliso.se\/blog\/index.php?rest_route=\/wp\/v2\/posts\/6297\/revisions"}],"predecessor-version":[{"id":6311,"href":"https:\/\/ulliso.se\/blog\/index.php?rest_route=\/wp\/v2\/posts\/6297\/revisions\/6311"}],"wp:attachment":[{"href":"https:\/\/ulliso.se\/blog\/index.php?rest_route=%2Fwp%2Fv2%2Fmedia&parent=6297"}],"wp:term":[{"taxonomy":"category","embeddable":true,"href":"https:\/\/ulliso.se\/blog\/index.php?rest_route=%2Fwp%2Fv2%2Fcategories&post=6297"},{"taxonomy":"post_tag","embeddable":true,"href":"https:\/\/ulliso.se\/blog\/index.php?rest_route=%2Fwp%2Fv2%2Ftags&post=6297"}],"curies":[{"name":"wp","href":"https:\/\/api.w.org\/{rel}","templated":true}]}}