{"id":6326,"date":"2016-12-19T23:00:34","date_gmt":"2016-12-19T22:00:34","guid":{"rendered":"http:\/\/ulliso.se\/blog\/?p=6326"},"modified":"2016-12-19T23:00:34","modified_gmt":"2016-12-19T22:00:34","slug":"efit-161219","status":"publish","type":"post","link":"https:\/\/ulliso.se\/blog\/?p=6326","title":{"rendered":"EFIT 161219"},"content":{"rendered":"<p>EFIT \u00e4r alltid roligt att vara med p\u00e5, s\u00e5 jag h\u00e4ngde p\u00e5 idag.<\/p>\n<p>&nbsp;<\/p>\n<!-- index.php -->\n<div\n\tclass=\"ngg-galleryoverview ngg-ajax-pagination-none\"\n\tid=\"ngg-gallery-a92e9d39485d81f4ca11c1d8dd05fbd5-1\">\n\n    \t<div class=\"slideshowlink\">\n        <a href='https:\/\/ulliso.se\/blog\/index.php\/nggallery\/slideshow?p=6326'>&#091;Show as slideshow&#093;<\/a>\n\t\t\n\t<\/div>\n\t\t\t<!-- Thumbnails -->\n\t\t\t\t<div id=\"ngg-image-0\" class=\"ngg-gallery-thumbnail-box\" >\n\t\t\t\t        <div class=\"ngg-gallery-thumbnail\">\n            <a href=\"https:\/\/ulliso.se\/blog\/wp-content\/gallery\/efitdec16\/09.JPG\"\n               title=\"09.00: Ledig dag efter helgjobb. \u00c4r s\u00e5 illa tvungen att g\u00e5 upp nu pga nack\/huvudv\u00e4rk. :(\"\n               data-src=\"https:\/\/ulliso.se\/blog\/wp-content\/gallery\/efitdec16\/09.JPG\"\n               data-thumbnail=\"https:\/\/ulliso.se\/blog\/wp-content\/gallery\/efitdec16\/thumbs\/thumbs_09.JPG\"\n               data-image-id=\"955\"\n               data-title=\"09.00\"\n               data-description=\"09.00: Ledig dag efter helgjobb. \u00c4r s\u00e5 illa tvungen att g\u00e5 upp nu pga nack\/huvudv\u00e4rk. :(\"\n               data-image-slug=\"09-9\"\n               class=\"shutterset_a92e9d39485d81f4ca11c1d8dd05fbd5\">\n                <img\n                    title=\"09.00\"\n                    alt=\"09.00\"\n                    src=\"https:\/\/ulliso.se\/blog\/wp-content\/gallery\/efitdec16\/thumbs\/thumbs_09.JPG\"\n                    width=\"100\"\n                    height=\"75\"\n                    style=\"max-width:100%;\"\n                \/>\n            <\/a>\n        <\/div>\n\t\t\t\t\t\t\t<\/div> \n\t\t\t\n        \n\t\t\t\t<div id=\"ngg-image-1\" class=\"ngg-gallery-thumbnail-box\" >\n\t\t\t\t        <div class=\"ngg-gallery-thumbnail\">\n            <a href=\"https:\/\/ulliso.se\/blog\/wp-content\/gallery\/efitdec16\/10.JPG\"\n               title=\"10.00: Cornelia har lagt beslag p\u00e5 kartongen som jag ev. t\u00e4nkt anv\u00e4nda till att sl\u00e5 in julklapp i.\"\n               data-src=\"https:\/\/ulliso.se\/blog\/wp-content\/gallery\/efitdec16\/10.JPG\"\n               data-thumbnail=\"https:\/\/ulliso.se\/blog\/wp-content\/gallery\/efitdec16\/thumbs\/thumbs_10.JPG\"\n               data-image-id=\"956\"\n               data-title=\"10.00\"\n               data-description=\"10.00: Cornelia har lagt beslag p\u00e5 kartongen som jag ev. t\u00e4nkt anv\u00e4nda till att sl\u00e5 in julklapp i.\"\n               data-image-slug=\"10-11\"\n               class=\"shutterset_a92e9d39485d81f4ca11c1d8dd05fbd5\">\n                <img\n                    title=\"10.00\"\n                    alt=\"10.00\"\n                    src=\"https:\/\/ulliso.se\/blog\/wp-content\/gallery\/efitdec16\/thumbs\/thumbs_10.JPG\"\n                    width=\"100\"\n                    height=\"75\"\n                    style=\"max-width:100%;\"\n                \/>\n            <\/a>\n        <\/div>\n\t\t\t\t\t\t\t<\/div> \n\t\t\t\n        \n\t\t\t\t<div id=\"ngg-image-2\" class=\"ngg-gallery-thumbnail-box\" >\n\t\t\t\t        <div class=\"ngg-gallery-thumbnail\">\n            <a href=\"https:\/\/ulliso.se\/blog\/wp-content\/gallery\/efitdec16\/11.JPG\"\n               title=\"11.00: Tar en halv Postafen (illam\u00e5endetablett) pga jag har s\u00e5 ont att jag m\u00e5r illa. H\u00e4nder tyv\u00e4rr d\u00e5 och d\u00e5.\"\n               data-src=\"https:\/\/ulliso.se\/blog\/wp-content\/gallery\/efitdec16\/11.JPG\"\n               data-thumbnail=\"https:\/\/ulliso.se\/blog\/wp-content\/gallery\/efitdec16\/thumbs\/thumbs_11.JPG\"\n               data-image-id=\"957\"\n               data-title=\"11.00\"\n               data-description=\"11.00: Tar en halv Postafen (illam\u00e5endetablett) pga jag har s\u00e5 ont att jag m\u00e5r illa. H\u00e4nder tyv\u00e4rr d\u00e5 och d\u00e5.\"\n               data-image-slug=\"11-15\"\n               class=\"shutterset_a92e9d39485d81f4ca11c1d8dd05fbd5\">\n                <img\n                    title=\"11.00\"\n                    alt=\"11.00\"\n                    src=\"https:\/\/ulliso.se\/blog\/wp-content\/gallery\/efitdec16\/thumbs\/thumbs_11.JPG\"\n                    width=\"100\"\n                    height=\"75\"\n                    style=\"max-width:100%;\"\n                \/>\n            <\/a>\n        <\/div>\n\t\t\t\t\t\t\t<\/div> \n\t\t\t\n        \n\t\t\t\t<div id=\"ngg-image-3\" class=\"ngg-gallery-thumbnail-box\" >\n\t\t\t\t        <div class=\"ngg-gallery-thumbnail\">\n            <a href=\"https:\/\/ulliso.se\/blog\/wp-content\/gallery\/efitdec16\/1230.JPG\"\n               title=\"12.30: N\u00e4, m\u00e5ste ut och r\u00f6ra p\u00e5 mig. Oftast hj\u00e4lper det n\u00e4r jag har ont. S\u00e5 jag \u00e5kte in till stan och handlade lite julklappar och annat n\u00f6dv\u00e4ndigt. Handlade ocks\u00e5 f\u00f6r julklappen vi fick p\u00e5 jobbet. Valde att ta ett presentkort f\u00f6r 400 kr i fina aff\u00e4ren &quot;Hem ljuva hem&quot;. S\u00e5 d\u00e4r k\u00f6pte jag en Muminmugg, en almanacka och ett doftljus till mig sj\u00e4lv.\"\n               data-src=\"https:\/\/ulliso.se\/blog\/wp-content\/gallery\/efitdec16\/1230.JPG\"\n               data-thumbnail=\"https:\/\/ulliso.se\/blog\/wp-content\/gallery\/efitdec16\/thumbs\/thumbs_1230.JPG\"\n               data-image-id=\"963\"\n               data-title=\"12.30\"\n               data-description=\"12.30: N\u00e4, m\u00e5ste ut och r\u00f6ra p\u00e5 mig. Oftast hj\u00e4lper det n\u00e4r jag har ont. S\u00e5 jag \u00e5kte in till stan och handlade lite julklappar och annat n\u00f6dv\u00e4ndigt. Handlade ocks\u00e5 f\u00f6r julklappen vi fick p\u00e5 jobbet. Valde att ta ett presentkort f\u00f6r 400 kr i fina aff\u00e4ren &quot;Hem ljuva hem&quot;. S\u00e5 d\u00e4r k\u00f6pte jag en Muminmugg, en almanacka och ett doftljus till mig sj\u00e4lv.\"\n               data-image-slug=\"1230-5\"\n               class=\"shutterset_a92e9d39485d81f4ca11c1d8dd05fbd5\">\n                <img\n                    title=\"12.30\"\n                    alt=\"12.30\"\n                    src=\"https:\/\/ulliso.se\/blog\/wp-content\/gallery\/efitdec16\/thumbs\/thumbs_1230.JPG\"\n                    width=\"100\"\n                    height=\"75\"\n                    style=\"max-width:100%;\"\n                \/>\n            <\/a>\n        <\/div>\n\t\t\t\t\t\t\t<\/div> \n\t\t\t\n        \n\t\t\t\t<div id=\"ngg-image-4\" class=\"ngg-gallery-thumbnail-box\" >\n\t\t\t\t        <div class=\"ngg-gallery-thumbnail\">\n            <a href=\"https:\/\/ulliso.se\/blog\/wp-content\/gallery\/efitdec16\/bonus.JPG\"\n               title=\"BONUS: Vackert ute. :)\"\n               data-src=\"https:\/\/ulliso.se\/blog\/wp-content\/gallery\/efitdec16\/bonus.JPG\"\n               data-thumbnail=\"https:\/\/ulliso.se\/blog\/wp-content\/gallery\/efitdec16\/thumbs\/thumbs_bonus.JPG\"\n               data-image-id=\"965\"\n               data-title=\"Bonusbild\"\n               data-description=\"BONUS: Vackert ute. :)\"\n               data-image-slug=\"bonus-3\"\n               class=\"shutterset_a92e9d39485d81f4ca11c1d8dd05fbd5\">\n                <img\n                    title=\"Bonusbild\"\n                    alt=\"Bonusbild\"\n                    src=\"https:\/\/ulliso.se\/blog\/wp-content\/gallery\/efitdec16\/thumbs\/thumbs_bonus.JPG\"\n                    width=\"100\"\n                    height=\"75\"\n                    style=\"max-width:100%;\"\n                \/>\n            <\/a>\n        <\/div>\n\t\t\t\t\t\t\t<\/div> \n\t\t\t\n        \n\t\t\t\t<div id=\"ngg-image-5\" class=\"ngg-gallery-thumbnail-box\" >\n\t\t\t\t        <div class=\"ngg-gallery-thumbnail\">\n            <a href=\"https:\/\/ulliso.se\/blog\/wp-content\/gallery\/efitdec16\/13.jpg\"\n               title=\"13.00: \u00c4ter lite lunch (minim\u00e5l) p\u00e5 Max eftersom jag m\u00e5dde illa hemma tidigare och d\u00e5 inte \u00e5t n\u00e5t.\"\n               data-src=\"https:\/\/ulliso.se\/blog\/wp-content\/gallery\/efitdec16\/13.jpg\"\n               data-thumbnail=\"https:\/\/ulliso.se\/blog\/wp-content\/gallery\/efitdec16\/thumbs\/thumbs_13.jpg\"\n               data-image-id=\"966\"\n               data-title=\"13\"\n               data-description=\"13.00: \u00c4ter lite lunch (minim\u00e5l) p\u00e5 Max eftersom jag m\u00e5dde illa hemma tidigare och d\u00e5 inte \u00e5t n\u00e5t.\"\n               data-image-slug=\"13-14\"\n               class=\"shutterset_a92e9d39485d81f4ca11c1d8dd05fbd5\">\n                <img\n                    title=\"13\"\n                    alt=\"13\"\n                    src=\"https:\/\/ulliso.se\/blog\/wp-content\/gallery\/efitdec16\/thumbs\/thumbs_13.jpg\"\n                    width=\"100\"\n                    height=\"75\"\n                    style=\"max-width:100%;\"\n                \/>\n            <\/a>\n        <\/div>\n\t\t\t\t\t\t\t<\/div> \n\t\t\t\n        \n\t\t\t\t<div id=\"ngg-image-6\" class=\"ngg-gallery-thumbnail-box\" >\n\t\t\t\t        <div class=\"ngg-gallery-thumbnail\">\n            <a href=\"https:\/\/ulliso.se\/blog\/wp-content\/gallery\/efitdec16\/1430.JPG\"\n               title=\"14.30: \u00c4r bara hemma snabbt och h\u00e4mtar upp sonen och yngsta dottern samt t\u00e4nder lamporna.\"\n               data-src=\"https:\/\/ulliso.se\/blog\/wp-content\/gallery\/efitdec16\/1430.JPG\"\n               data-thumbnail=\"https:\/\/ulliso.se\/blog\/wp-content\/gallery\/efitdec16\/thumbs\/thumbs_1430.JPG\"\n               data-image-id=\"964\"\n               data-title=\"14.30\"\n               data-description=\"14.30: \u00c4r bara hemma snabbt och h\u00e4mtar upp sonen och yngsta dottern samt t\u00e4nder lamporna.\"\n               data-image-slug=\"1430-4\"\n               class=\"shutterset_a92e9d39485d81f4ca11c1d8dd05fbd5\">\n                <img\n                    title=\"14.30\"\n                    alt=\"14.30\"\n                    src=\"https:\/\/ulliso.se\/blog\/wp-content\/gallery\/efitdec16\/thumbs\/thumbs_1430.JPG\"\n                    width=\"100\"\n                    height=\"75\"\n                    style=\"max-width:100%;\"\n                \/>\n            <\/a>\n        <\/div>\n\t\t\t\t\t\t\t<\/div> \n\t\t\t\n        \n\t\t\t\t<div id=\"ngg-image-7\" class=\"ngg-gallery-thumbnail-box\" >\n\t\t\t\t        <div class=\"ngg-gallery-thumbnail\">\n            <a href=\"https:\/\/ulliso.se\/blog\/wp-content\/gallery\/efitdec16\/15.JPG\"\n               title=\"15.00: \u00c4ldsta dottern ska till tandl\u00e4karen f\u00f6r att operera ut en tand som sitter f\u00f6r tr\u00e5ngt och som d\u00e4rf\u00f6r blivit f\u00f6rst\u00f6rd av en annan tand.\"\n               data-src=\"https:\/\/ulliso.se\/blog\/wp-content\/gallery\/efitdec16\/15.JPG\"\n               data-thumbnail=\"https:\/\/ulliso.se\/blog\/wp-content\/gallery\/efitdec16\/thumbs\/thumbs_15.JPG\"\n               data-image-id=\"958\"\n               data-title=\"15.00\"\n               data-description=\"15.00: \u00c4ldsta dottern ska till tandl\u00e4karen f\u00f6r att operera ut en tand som sitter f\u00f6r tr\u00e5ngt och som d\u00e4rf\u00f6r blivit f\u00f6rst\u00f6rd av en annan tand.\"\n               data-image-slug=\"15-17\"\n               class=\"shutterset_a92e9d39485d81f4ca11c1d8dd05fbd5\">\n                <img\n                    title=\"15.00\"\n                    alt=\"15.00\"\n                    src=\"https:\/\/ulliso.se\/blog\/wp-content\/gallery\/efitdec16\/thumbs\/thumbs_15.JPG\"\n                    width=\"100\"\n                    height=\"75\"\n                    style=\"max-width:100%;\"\n                \/>\n            <\/a>\n        <\/div>\n\t\t\t\t\t\t\t<\/div> \n\t\t\t\n        \n\t\t\t\t<div id=\"ngg-image-8\" class=\"ngg-gallery-thumbnail-box\" >\n\t\t\t\t        <div class=\"ngg-gallery-thumbnail\">\n            <a href=\"https:\/\/ulliso.se\/blog\/wp-content\/gallery\/efitdec16\/16.JPG\"\n               title=\"16.00: Lite handling p\u00e5 Coop.\"\n               data-src=\"https:\/\/ulliso.se\/blog\/wp-content\/gallery\/efitdec16\/16.JPG\"\n               data-thumbnail=\"https:\/\/ulliso.se\/blog\/wp-content\/gallery\/efitdec16\/thumbs\/thumbs_16.JPG\"\n               data-image-id=\"959\"\n               data-title=\"16.00\"\n               data-description=\"16.00: Lite handling p\u00e5 Coop.\"\n               data-image-slug=\"16-14\"\n               class=\"shutterset_a92e9d39485d81f4ca11c1d8dd05fbd5\">\n                <img\n                    title=\"16.00\"\n                    alt=\"16.00\"\n                    src=\"https:\/\/ulliso.se\/blog\/wp-content\/gallery\/efitdec16\/thumbs\/thumbs_16.JPG\"\n                    width=\"100\"\n                    height=\"75\"\n                    style=\"max-width:100%;\"\n                \/>\n            <\/a>\n        <\/div>\n\t\t\t\t\t\t\t<\/div> \n\t\t\t\n        \n\t\t\t\t<div id=\"ngg-image-9\" class=\"ngg-gallery-thumbnail-box\" >\n\t\t\t\t        <div class=\"ngg-gallery-thumbnail\">\n            <a href=\"https:\/\/ulliso.se\/blog\/wp-content\/gallery\/efitdec16\/18.JPG\"\n               title=\"18.00: Vi ska iv\u00e4g och kolla p\u00e5 en kattkompis till Cornelia. Det ligger bara tv\u00e5 gator bort, s\u00e5 vi g\u00e5r dit. D\u00e4r blir vi \u00e4ven bjudna p\u00e5 kaffe.\"\n               data-src=\"https:\/\/ulliso.se\/blog\/wp-content\/gallery\/efitdec16\/18.JPG\"\n               data-thumbnail=\"https:\/\/ulliso.se\/blog\/wp-content\/gallery\/efitdec16\/thumbs\/thumbs_18.JPG\"\n               data-image-id=\"960\"\n               data-title=\"18.00\"\n               data-description=\"18.00: Vi ska iv\u00e4g och kolla p\u00e5 en kattkompis till Cornelia. Det ligger bara tv\u00e5 gator bort, s\u00e5 vi g\u00e5r dit. D\u00e4r blir vi \u00e4ven bjudna p\u00e5 kaffe.\"\n               data-image-slug=\"18-11\"\n               class=\"shutterset_a92e9d39485d81f4ca11c1d8dd05fbd5\">\n                <img\n                    title=\"18.00\"\n                    alt=\"18.00\"\n                    src=\"https:\/\/ulliso.se\/blog\/wp-content\/gallery\/efitdec16\/thumbs\/thumbs_18.JPG\"\n                    width=\"100\"\n                    height=\"75\"\n                    style=\"max-width:100%;\"\n                \/>\n            <\/a>\n        <\/div>\n\t\t\t\t\t\t\t<\/div> \n\t\t\t\n        \n\t\t\t\t<div id=\"ngg-image-10\" class=\"ngg-gallery-thumbnail-box\" >\n\t\t\t\t        <div class=\"ngg-gallery-thumbnail\">\n            <a href=\"https:\/\/ulliso.se\/blog\/wp-content\/gallery\/efitdec16\/19.JPG\"\n               title=\"19.00: Vilar i soffan.\"\n               data-src=\"https:\/\/ulliso.se\/blog\/wp-content\/gallery\/efitdec16\/19.JPG\"\n               data-thumbnail=\"https:\/\/ulliso.se\/blog\/wp-content\/gallery\/efitdec16\/thumbs\/thumbs_19.JPG\"\n               data-image-id=\"961\"\n               data-title=\"19.00\"\n               data-description=\"19.00: Vilar i soffan.\"\n               data-image-slug=\"19-13\"\n               class=\"shutterset_a92e9d39485d81f4ca11c1d8dd05fbd5\">\n                <img\n                    title=\"19.00\"\n                    alt=\"19.00\"\n                    src=\"https:\/\/ulliso.se\/blog\/wp-content\/gallery\/efitdec16\/thumbs\/thumbs_19.JPG\"\n                    width=\"100\"\n                    height=\"75\"\n                    style=\"max-width:100%;\"\n                \/>\n            <\/a>\n        <\/div>\n\t\t\t\t\t\t\t<\/div> \n\t\t\t\n        \n\t\t\t\t<div id=\"ngg-image-11\" class=\"ngg-gallery-thumbnail-box\" >\n\t\t\t\t        <div class=\"ngg-gallery-thumbnail\">\n            <a href=\"https:\/\/ulliso.se\/blog\/wp-content\/gallery\/efitdec16\/20.JPG\"\n               title=\"20.00: Kollar p\u00e5 sista &quot;Historie\u00e4tarna&quot;.\"\n               data-src=\"https:\/\/ulliso.se\/blog\/wp-content\/gallery\/efitdec16\/20.JPG\"\n               data-thumbnail=\"https:\/\/ulliso.se\/blog\/wp-content\/gallery\/efitdec16\/thumbs\/thumbs_20.JPG\"\n               data-image-id=\"962\"\n               data-title=\"20.00\"\n               data-description=\"20.00: Kollar p\u00e5 sista &quot;Historie\u00e4tarna&quot;.\"\n               data-image-slug=\"20-10\"\n               class=\"shutterset_a92e9d39485d81f4ca11c1d8dd05fbd5\">\n                <img\n                    title=\"20.00\"\n                    alt=\"20.00\"\n                    src=\"https:\/\/ulliso.se\/blog\/wp-content\/gallery\/efitdec16\/thumbs\/thumbs_20.JPG\"\n                    width=\"100\"\n                    height=\"75\"\n                    style=\"max-width:100%;\"\n                \/>\n            <\/a>\n        <\/div>\n\t\t\t\t\t\t\t<\/div> \n\t\t\t\n        \n\t\t\n\t\t<!-- Pagination -->\n\t<div class='ngg-clear'><\/div>\t<\/div>\n\n","protected":false},"excerpt":{"rendered":"<p>EFIT \u00e4r alltid roligt att vara med p\u00e5, s\u00e5 jag h\u00e4ngde p\u00e5 idag. &nbsp; &#8221; order_by=&#8221;sortorder&#8221; order_direction=&#8221;ASC&#8221; returns=&#8221;included&#8221; maximum_entity_count=&#8221;500&#8243;]<\/p>\n","protected":false},"author":1,"featured_media":0,"comment_status":"open","ping_status":"open","sticky":false,"template":"","format":"standard","meta":{"ngg_post_thumbnail":0},"categories":[21],"tags":[],"_links":{"self":[{"href":"https:\/\/ulliso.se\/blog\/index.php?rest_route=\/wp\/v2\/posts\/6326"}],"collection":[{"href":"https:\/\/ulliso.se\/blog\/index.php?rest_route=\/wp\/v2\/posts"}],"about":[{"href":"https:\/\/ulliso.se\/blog\/index.php?rest_route=\/wp\/v2\/types\/post"}],"author":[{"embeddable":true,"href":"https:\/\/ulliso.se\/blog\/index.php?rest_route=\/wp\/v2\/users\/1"}],"replies":[{"embeddable":true,"href":"https:\/\/ulliso.se\/blog\/index.php?rest_route=%2Fwp%2Fv2%2Fcomments&post=6326"}],"version-history":[{"count":1,"href":"https:\/\/ulliso.se\/blog\/index.php?rest_route=\/wp\/v2\/posts\/6326\/revisions"}],"predecessor-version":[{"id":6353,"href":"https:\/\/ulliso.se\/blog\/index.php?rest_route=\/wp\/v2\/posts\/6326\/revisions\/6353"}],"wp:attachment":[{"href":"https:\/\/ulliso.se\/blog\/index.php?rest_route=%2Fwp%2Fv2%2Fmedia&parent=6326"}],"wp:term":[{"taxonomy":"category","embeddable":true,"href":"https:\/\/ulliso.se\/blog\/index.php?rest_route=%2Fwp%2Fv2%2Fcategories&post=6326"},{"taxonomy":"post_tag","embeddable":true,"href":"https:\/\/ulliso.se\/blog\/index.php?rest_route=%2Fwp%2Fv2%2Ftags&post=6326"}],"curies":[{"name":"wp","href":"https:\/\/api.w.org\/{rel}","templated":true}]}}