{"id":6390,"date":"2017-02-27T22:43:57","date_gmt":"2017-02-27T21:43:57","guid":{"rendered":"http:\/\/ulliso.se\/blog\/?p=6390"},"modified":"2017-02-27T22:43:57","modified_gmt":"2017-02-27T21:43:57","slug":"andra-chansen","status":"publish","type":"post","link":"https:\/\/ulliso.se\/blog\/?p=6390","title":{"rendered":"Andra chansen"},"content":{"rendered":"<p>Just nu s\u00e5 p\u00e5g\u00e5r ju Melodifestivalen. Nu p\u00e5 l\u00f6rdag \u00e4r det dags f\u00f6r &nbsp;<em><strong>Andra Chansen<\/strong><\/em>. Jag bryr mig egentligen inte s\u00e5 mycket om det (har ju redan sett och h\u00f6rt alla l\u00e5tar), men jag kommer \u00e4nd\u00e5 att titta.<\/p>\n<p>Har tv\u00e5 favoriter d\u00e4r:&nbsp;<\/p>\n<p>Det \u00e4r <a href=\"https:\/\/www.youtube.com\/watch?v=k0pog2NTOYg\">Axel<\/a> och det \u00e4r <a href=\"https:\/\/www.youtube.com\/watch?v=x9VT8Ta_on8\">Dissmissed<\/a>.&nbsp;<\/p>\n<p>&nbsp;<\/p>\n<p>En del av mina Facebook-v\u00e4nner roar mig lite n\u00e4r det \u00e4r mello-l\u00f6rdagar. Det \u00e4r dom personerna som klagar p\u00e5 mellot. De tycker att det \u00e4r s\u00e5 d\u00e5liga l\u00e5tar, den eller den &nbsp;l\u00e5ten kom inte vidare, osv. Men varf\u00f6r i hela friden tittar man d\u00e5? Det \u00e4r ju inget man m\u00e5ste. Och m\u00e5ste man <em>hela tiden<\/em> klaga? Trist!<\/p>\n","protected":false},"excerpt":{"rendered":"<p>Just nu s\u00e5 p\u00e5g\u00e5r ju Melodifestivalen. Nu p\u00e5 l\u00f6rdag \u00e4r det dags f\u00f6r &nbsp;Andra Chansen. Jag bryr mig egentligen inte s\u00e5 mycket om det (har ju redan sett och h\u00f6rt alla l\u00e5tar), men jag kommer \u00e4nd\u00e5 att titta. Har tv\u00e5 favoriter d\u00e4r:&nbsp; Det \u00e4r Axel och det \u00e4r Dissmissed.&nbsp; &nbsp; En del av mina Facebook-v\u00e4nner [&hellip;]<\/p>\n","protected":false},"author":1,"featured_media":0,"comment_status":"open","ping_status":"open","sticky":false,"template":"","format":"standard","meta":{"ngg_post_thumbnail":0},"categories":[6],"tags":[],"_links":{"self":[{"href":"https:\/\/ulliso.se\/blog\/index.php?rest_route=\/wp\/v2\/posts\/6390"}],"collection":[{"href":"https:\/\/ulliso.se\/blog\/index.php?rest_route=\/wp\/v2\/posts"}],"about":[{"href":"https:\/\/ulliso.se\/blog\/index.php?rest_route=\/wp\/v2\/types\/post"}],"author":[{"embeddable":true,"href":"https:\/\/ulliso.se\/blog\/index.php?rest_route=\/wp\/v2\/users\/1"}],"replies":[{"embeddable":true,"href":"https:\/\/ulliso.se\/blog\/index.php?rest_route=%2Fwp%2Fv2%2Fcomments&post=6390"}],"version-history":[{"count":1,"href":"https:\/\/ulliso.se\/blog\/index.php?rest_route=\/wp\/v2\/posts\/6390\/revisions"}],"predecessor-version":[{"id":6391,"href":"https:\/\/ulliso.se\/blog\/index.php?rest_route=\/wp\/v2\/posts\/6390\/revisions\/6391"}],"wp:attachment":[{"href":"https:\/\/ulliso.se\/blog\/index.php?rest_route=%2Fwp%2Fv2%2Fmedia&parent=6390"}],"wp:term":[{"taxonomy":"category","embeddable":true,"href":"https:\/\/ulliso.se\/blog\/index.php?rest_route=%2Fwp%2Fv2%2Fcategories&post=6390"},{"taxonomy":"post_tag","embeddable":true,"href":"https:\/\/ulliso.se\/blog\/index.php?rest_route=%2Fwp%2Fv2%2Ftags&post=6390"}],"curies":[{"name":"wp","href":"https:\/\/api.w.org\/{rel}","templated":true}]}}