{"id":6444,"date":"2017-03-02T22:45:17","date_gmt":"2017-03-02T21:45:17","guid":{"rendered":"http:\/\/ulliso.se\/blog\/?p=6444"},"modified":"2017-03-02T22:48:43","modified_gmt":"2017-03-02T21:48:43","slug":"fett-tratten","status":"publish","type":"post","link":"https:\/\/ulliso.se\/blog\/?p=6444","title":{"rendered":"Fett-tratten"},"content":{"rendered":"<p>\u00c4nda sen vi bodde i l\u00e4genheten hade jag t\u00e4nkt att skaffa oss en fett-tratt. Men inte f\u00f6rr\u00e4n ca 2 m\u00e5nader sen fick jag tummarna ur och \u00e5ka till avfallsanl\u00e4ggningen (<a href=\"http:\/\/www.pireva.se\/sv\/Renhallningen\/Atervinningscentral-AVC\/\">Bredviksberget<\/a>) och h\u00e4mta en. Det \u00e4r ju extremt viktigt att man inte \u00f6ser stekfettet (i v\u00e5rt fall sm\u00f6r, ej \u00e4ckelmargarin) rakt ner i avloppet.<\/p>\n<p>Man s\u00e4tter tratten p\u00e5 en plastflaska och sen \u00f6ser man allt \u00f6verblivet stekfett i den. Det m\u00e5ste vara svalt n\u00e4r man g\u00f6r det, s\u00e5 v\u00e5rt stekfett mellanlandar i en sk\u00e5l f\u00f6r att svalna. Sen \u00e5ker fettet i flaskan. N\u00e4r flaskan&nbsp;blir full s\u00e5 s\u00e4tter man p\u00e5 korken till flaskan (som man sparar inne i tratten) s\u00e5 sl\u00e4nger man flaskan&nbsp;i br\u00e4nnbart.&nbsp;<\/p>\n<p>V\u00e5r f\u00f6rsta flaska blev full nu i f\u00f6rra veckan, s\u00e5 nu har vi b\u00f6rjat p\u00e5 en ny.&nbsp;<\/p>\n<p>S\u00e5 h\u00e4r s\u00e5g den fulla flaskan ut innan jag sl\u00e4ngde den i soporna.&nbsp;<\/p>\n<p><a href=\"https:\/\/ulliso.se\/blog\/?attachment_id=6445\" rel=\"attachment wp-att-6445\"><img loading=\"lazy\" class=\"alignnone size-medium wp-image-6445\" src=\"https:\/\/ulliso.se\/blog\/wp-content\/uploads\/2017\/03\/DSCF0415-210x300.jpg\" alt=\"\" width=\"210\" height=\"300\" srcset=\"https:\/\/ulliso.se\/blog\/wp-content\/uploads\/2017\/03\/DSCF0415-210x300.jpg 210w, https:\/\/ulliso.se\/blog\/wp-content\/uploads\/2017\/03\/DSCF0415-768x1099.jpg 768w, https:\/\/ulliso.se\/blog\/wp-content\/uploads\/2017\/03\/DSCF0415-716x1024.jpg 716w\" sizes=\"(max-width: 210px) 100vw, 210px\" \/><\/a><\/p>\n<p>S\u00e5 h\u00e4r ser tratten ut, men v\u00e5r har ju Pirevas logga p\u00e5.&nbsp;<\/p>\n<p><a href=\"https:\/\/ulliso.se\/blog\/?attachment_id=6447\" rel=\"attachment wp-att-6447\"><img loading=\"lazy\" class=\"alignnone size-medium wp-image-6447\" src=\"https:\/\/ulliso.se\/blog\/wp-content\/uploads\/2017\/03\/nsva-fettratt-300x262.png\" alt=\"\" width=\"300\" height=\"262\" srcset=\"https:\/\/ulliso.se\/blog\/wp-content\/uploads\/2017\/03\/nsva-fettratt-300x262.png 300w, https:\/\/ulliso.se\/blog\/wp-content\/uploads\/2017\/03\/nsva-fettratt.png 400w\" sizes=\"(max-width: 300px) 100vw, 300px\" \/><\/a><\/p>\n<p>&nbsp;<\/p>\n<p><strong>PS<\/strong>. Innan vi hade flaskan med fett-tratten s\u00e5 \u00f6ste vi stekfettet i sk\u00e5len och l\u00e4t det bli svalt och sedan blivit stelnat. Sen la vi det i kompostp\u00e5sen.&nbsp;<\/p>\n","protected":false},"excerpt":{"rendered":"<p>\u00c4nda sen vi bodde i l\u00e4genheten hade jag t\u00e4nkt att skaffa oss en fett-tratt. Men inte f\u00f6rr\u00e4n ca 2 m\u00e5nader sen fick jag tummarna ur och \u00e5ka till avfallsanl\u00e4ggningen (Bredviksberget) och h\u00e4mta en. Det \u00e4r ju extremt viktigt att man inte \u00f6ser stekfettet (i v\u00e5rt fall sm\u00f6r, ej \u00e4ckelmargarin) rakt ner i avloppet. Man s\u00e4tter [&hellip;]<\/p>\n","protected":false},"author":1,"featured_media":0,"comment_status":"open","ping_status":"open","sticky":false,"template":"","format":"standard","meta":{"ngg_post_thumbnail":0},"categories":[6],"tags":[],"_links":{"self":[{"href":"https:\/\/ulliso.se\/blog\/index.php?rest_route=\/wp\/v2\/posts\/6444"}],"collection":[{"href":"https:\/\/ulliso.se\/blog\/index.php?rest_route=\/wp\/v2\/posts"}],"about":[{"href":"https:\/\/ulliso.se\/blog\/index.php?rest_route=\/wp\/v2\/types\/post"}],"author":[{"embeddable":true,"href":"https:\/\/ulliso.se\/blog\/index.php?rest_route=\/wp\/v2\/users\/1"}],"replies":[{"embeddable":true,"href":"https:\/\/ulliso.se\/blog\/index.php?rest_route=%2Fwp%2Fv2%2Fcomments&post=6444"}],"version-history":[{"count":3,"href":"https:\/\/ulliso.se\/blog\/index.php?rest_route=\/wp\/v2\/posts\/6444\/revisions"}],"predecessor-version":[{"id":6449,"href":"https:\/\/ulliso.se\/blog\/index.php?rest_route=\/wp\/v2\/posts\/6444\/revisions\/6449"}],"wp:attachment":[{"href":"https:\/\/ulliso.se\/blog\/index.php?rest_route=%2Fwp%2Fv2%2Fmedia&parent=6444"}],"wp:term":[{"taxonomy":"category","embeddable":true,"href":"https:\/\/ulliso.se\/blog\/index.php?rest_route=%2Fwp%2Fv2%2Fcategories&post=6444"},{"taxonomy":"post_tag","embeddable":true,"href":"https:\/\/ulliso.se\/blog\/index.php?rest_route=%2Fwp%2Fv2%2Ftags&post=6444"}],"curies":[{"name":"wp","href":"https:\/\/api.w.org\/{rel}","templated":true}]}}