{"id":6474,"date":"2017-03-31T23:23:44","date_gmt":"2017-03-31T21:23:44","guid":{"rendered":"http:\/\/ulliso.se\/blog\/?p=6474"},"modified":"2017-03-31T23:23:44","modified_gmt":"2017-03-31T21:23:44","slug":"loneforhojning","status":"publish","type":"post","link":"https:\/\/ulliso.se\/blog\/?p=6474","title":{"rendered":"L\u00f6nef\u00f6rh\u00f6jning"},"content":{"rendered":"<p>Jag blev uppringd av min nya chef nu i onsdags. Det \u00e4r s\u00e5 h\u00e4rligt n\u00e4r hon ringer och s\u00e4ger &#8221;<em>Hej det XXX p\u00e5 operation<\/em>&#8221;. Jag kommer ju att tillh\u00f6ra operationsavdelningen nu. K\u00e4nns lite overkligt. :) L\u00e5ter kanske kn\u00e4ppt, men det \u00e4r lite som en dr\u00f6m som g\u00e5tt i uppfyllelse, att f\u00e5 jobba d\u00e4r. Trodde inte att jag ens skulle f\u00e5 komma p\u00e5 en intervju d\u00e4r n\u00e4r jag s\u00f6kte jobbet.&nbsp;<\/p>\n<p>N\u00e5ja, hon ringde iallafall f\u00f6r att ta reda p\u00e5 vad jag hade f\u00f6r l\u00f6neanspr\u00e5k. Det hade hon gl\u00f6mt att fr\u00e5ga mig vid intervjun. Jag hade kollat upp lite p\u00e5 vad jag kunde s\u00e4ga f\u00f6r en summa, n\u00e4mligen 1500 kr extra mot vad jag har nu. Jonas tyckte att jag skulle s\u00e4ga det, men jag var tveksam. Men sen n\u00e4r hon d\u00e5 fr\u00e5gade vad jag hade f\u00f6r l\u00f6neanspr\u00e5k s\u00e5 t\u00e4nkte jag att vad sjutton, dom kan ju bara s\u00e4ga nej till den summan. S\u00e5 jag sa summan och hon skulle h\u00f6ra av sig dagen efter. S\u00e5 ig\u00e5r ringde hon och sa att jag f\u00e5r den summan jag ville ha, <em>PLUS<\/em> 500 kr till, s\u00e5 att jag hamnar i fas med dom som jobbar p\u00e5 operation. Sen har jag ju har erfarenhet som uska ocks\u00e5. S\u00e5 <em><strong>2000 kr<\/strong><\/em> plus i m\u00e5nadsl\u00f6n. Jag \u00e4r n\u00f6jd!&nbsp;<\/p>\n<p>Dock s\u00e5 \u00e4r det ju med blandade k\u00e4nslor som jag byter jobb. Jag kommer att sakna mina gamla kollegor v\u00e4ldigt mycket. Fikandet med dom och pratet om allt m\u00f6jligt. Jag har ju verkligen haft <em>v\u00e4rldens b\u00e4sta<\/em> arbetskamrater p\u00e5 demensboendet. Jag \u00e4lskar dom faktiskt. :p Men vi&nbsp;kan ju \u00e4nd\u00e5 tr\u00e4ffas och umg\u00e5s fast att jag inte jobbar kvar. Jag kan ju ocks\u00e5 g\u00e5 och h\u00e4lsa p\u00e5 p\u00e5 gamla jobbet n\u00e4r jag k\u00e4nner f\u00f6r det.<\/p>\n<p>Dock s\u00e5 kommer jag INTE att sakna det tunga jobbet och den hemska stressen&nbsp;som varit d\u00e4r nu i snart ett \u00e5r. Jag kan ju inte skriva s\u00e5 mycket om det f\u00f6r det \u00e4r ju sekretess. Men det \u00e4r tr\u00e5kigt att det ska vara s\u00e5 underbemannat och stressigt. Det g\u00f6r mig s\u00e5 ledsen. :(&nbsp;<\/p>\n<p>&nbsp;<\/p>\n<p><em>Jag med min nya l\u00f6n. ;)<\/em>&nbsp;<\/p>\n<p><a href=\"https:\/\/ulliso.se\/blog\/?attachment_id=6475\" rel=\"attachment wp-att-6475\"><img loading=\"lazy\" class=\"alignnone size-medium wp-image-6475\" src=\"https:\/\/ulliso.se\/blog\/wp-content\/uploads\/2017\/03\/lone-300x200.jpg\" alt=\"\" width=\"300\" height=\"200\" srcset=\"https:\/\/ulliso.se\/blog\/wp-content\/uploads\/2017\/03\/lone-300x200.jpg 300w, https:\/\/ulliso.se\/blog\/wp-content\/uploads\/2017\/03\/lone.jpg 470w\" sizes=\"(max-width: 300px) 100vw, 300px\" \/><\/a><\/p>\n","protected":false},"excerpt":{"rendered":"<p>Jag blev uppringd av min nya chef nu i onsdags. Det \u00e4r s\u00e5 h\u00e4rligt n\u00e4r hon ringer och s\u00e4ger &#8221;Hej det XXX p\u00e5 operation&#8221;. Jag kommer ju att tillh\u00f6ra operationsavdelningen nu. K\u00e4nns lite overkligt. :) L\u00e5ter kanske kn\u00e4ppt, men det \u00e4r lite som en dr\u00f6m som g\u00e5tt i uppfyllelse, att f\u00e5 jobba d\u00e4r. Trodde inte [&hellip;]<\/p>\n","protected":false},"author":1,"featured_media":0,"comment_status":"open","ping_status":"open","sticky":false,"template":"","format":"standard","meta":{"ngg_post_thumbnail":0},"categories":[6],"tags":[],"_links":{"self":[{"href":"https:\/\/ulliso.se\/blog\/index.php?rest_route=\/wp\/v2\/posts\/6474"}],"collection":[{"href":"https:\/\/ulliso.se\/blog\/index.php?rest_route=\/wp\/v2\/posts"}],"about":[{"href":"https:\/\/ulliso.se\/blog\/index.php?rest_route=\/wp\/v2\/types\/post"}],"author":[{"embeddable":true,"href":"https:\/\/ulliso.se\/blog\/index.php?rest_route=\/wp\/v2\/users\/1"}],"replies":[{"embeddable":true,"href":"https:\/\/ulliso.se\/blog\/index.php?rest_route=%2Fwp%2Fv2%2Fcomments&post=6474"}],"version-history":[{"count":1,"href":"https:\/\/ulliso.se\/blog\/index.php?rest_route=\/wp\/v2\/posts\/6474\/revisions"}],"predecessor-version":[{"id":6476,"href":"https:\/\/ulliso.se\/blog\/index.php?rest_route=\/wp\/v2\/posts\/6474\/revisions\/6476"}],"wp:attachment":[{"href":"https:\/\/ulliso.se\/blog\/index.php?rest_route=%2Fwp%2Fv2%2Fmedia&parent=6474"}],"wp:term":[{"taxonomy":"category","embeddable":true,"href":"https:\/\/ulliso.se\/blog\/index.php?rest_route=%2Fwp%2Fv2%2Fcategories&post=6474"},{"taxonomy":"post_tag","embeddable":true,"href":"https:\/\/ulliso.se\/blog\/index.php?rest_route=%2Fwp%2Fv2%2Ftags&post=6474"}],"curies":[{"name":"wp","href":"https:\/\/api.w.org\/{rel}","templated":true}]}}