{"id":6478,"date":"2017-04-01T23:29:01","date_gmt":"2017-04-01T21:29:01","guid":{"rendered":"http:\/\/ulliso.se\/blog\/?p=6478"},"modified":"2017-04-01T23:29:01","modified_gmt":"2017-04-01T21:29:01","slug":"belysning-i-koket","status":"publish","type":"post","link":"https:\/\/ulliso.se\/blog\/?p=6478","title":{"rendered":"Belysning i k\u00f6ket"},"content":{"rendered":"<p>Nu i veckan var Jonas pappa h\u00e4r och fixade till med v\u00e5r belysning ovanf\u00f6r k\u00f6ksb\u00e4nkarna. F\u00f6rut hade dom f\u00f6rra hus\u00e4garna (eller \u00e4garna innan dom?) gjort en egen &#8221;patentl\u00f6sning&#8221; med p\u00e4ronlampor och en tillh\u00f6rande konstig och glappande str\u00f6mbrytare som jag inte velat anv\u00e4nda. S\u00e5 i snart 6 m\u00e5nader (s\u00e5 l\u00e4nge har vi snart bott h\u00e4r i huset) har jag irriterat mig p\u00e5 att det varit s\u00e5 m\u00f6rkt ovanf\u00f6r k\u00f6ksb\u00e4nkarna.&nbsp;<\/p>\n<p>Men nu \u00e4r det fixat, med en LED-list. <em>Varde ljus!&nbsp;<\/em><\/p>\n<p>Tack till alla pappor, vad gjorde man utan dom. :) Min egen bor ju lite l\u00e5ngt bara.&nbsp;<\/p>\n<p>Ps. Mammor \u00e4r s\u00e5klart inte dumma dom heller och man klarar sig ju inte utan dom heller. :)&nbsp;<\/p>\n<p><a href=\"https:\/\/ulliso.se\/blog\/?attachment_id=6479\" rel=\"attachment wp-att-6479\"><img loading=\"lazy\" class=\"alignnone size-medium wp-image-6479\" src=\"https:\/\/ulliso.se\/blog\/wp-content\/uploads\/2017\/04\/DSCF0545-300x199.jpg\" alt=\"\" width=\"300\" height=\"199\" srcset=\"https:\/\/ulliso.se\/blog\/wp-content\/uploads\/2017\/04\/DSCF0545-300x199.jpg 300w, https:\/\/ulliso.se\/blog\/wp-content\/uploads\/2017\/04\/DSCF0545-768x510.jpg 768w, https:\/\/ulliso.se\/blog\/wp-content\/uploads\/2017\/04\/DSCF0545.jpg 800w\" sizes=\"(max-width: 300px) 100vw, 300px\" \/><\/a><\/p>\n<p><a href=\"https:\/\/ulliso.se\/blog\/?attachment_id=6480\" rel=\"attachment wp-att-6480\"><img loading=\"lazy\" class=\"alignnone size-medium wp-image-6480\" src=\"https:\/\/ulliso.se\/blog\/wp-content\/uploads\/2017\/04\/DSCF0547-300x216.jpg\" alt=\"\" width=\"300\" height=\"216\" srcset=\"https:\/\/ulliso.se\/blog\/wp-content\/uploads\/2017\/04\/DSCF0547-300x216.jpg 300w, https:\/\/ulliso.se\/blog\/wp-content\/uploads\/2017\/04\/DSCF0547-768x553.jpg 768w, https:\/\/ulliso.se\/blog\/wp-content\/uploads\/2017\/04\/DSCF0547.jpg 800w\" sizes=\"(max-width: 300px) 100vw, 300px\" \/><\/a><\/p>\n","protected":false},"excerpt":{"rendered":"<p>Nu i veckan var Jonas pappa h\u00e4r och fixade till med v\u00e5r belysning ovanf\u00f6r k\u00f6ksb\u00e4nkarna. F\u00f6rut hade dom f\u00f6rra hus\u00e4garna (eller \u00e4garna innan dom?) gjort en egen &#8221;patentl\u00f6sning&#8221; med p\u00e4ronlampor och en tillh\u00f6rande konstig och glappande str\u00f6mbrytare som jag inte velat anv\u00e4nda. S\u00e5 i snart 6 m\u00e5nader (s\u00e5 l\u00e4nge har vi snart bott h\u00e4r i [&hellip;]<\/p>\n","protected":false},"author":1,"featured_media":0,"comment_status":"open","ping_status":"open","sticky":false,"template":"","format":"standard","meta":{"ngg_post_thumbnail":0},"categories":[6],"tags":[],"_links":{"self":[{"href":"https:\/\/ulliso.se\/blog\/index.php?rest_route=\/wp\/v2\/posts\/6478"}],"collection":[{"href":"https:\/\/ulliso.se\/blog\/index.php?rest_route=\/wp\/v2\/posts"}],"about":[{"href":"https:\/\/ulliso.se\/blog\/index.php?rest_route=\/wp\/v2\/types\/post"}],"author":[{"embeddable":true,"href":"https:\/\/ulliso.se\/blog\/index.php?rest_route=\/wp\/v2\/users\/1"}],"replies":[{"embeddable":true,"href":"https:\/\/ulliso.se\/blog\/index.php?rest_route=%2Fwp%2Fv2%2Fcomments&post=6478"}],"version-history":[{"count":1,"href":"https:\/\/ulliso.se\/blog\/index.php?rest_route=\/wp\/v2\/posts\/6478\/revisions"}],"predecessor-version":[{"id":6481,"href":"https:\/\/ulliso.se\/blog\/index.php?rest_route=\/wp\/v2\/posts\/6478\/revisions\/6481"}],"wp:attachment":[{"href":"https:\/\/ulliso.se\/blog\/index.php?rest_route=%2Fwp%2Fv2%2Fmedia&parent=6478"}],"wp:term":[{"taxonomy":"category","embeddable":true,"href":"https:\/\/ulliso.se\/blog\/index.php?rest_route=%2Fwp%2Fv2%2Fcategories&post=6478"},{"taxonomy":"post_tag","embeddable":true,"href":"https:\/\/ulliso.se\/blog\/index.php?rest_route=%2Fwp%2Fv2%2Ftags&post=6478"}],"curies":[{"name":"wp","href":"https:\/\/api.w.org\/{rel}","templated":true}]}}