{"id":6483,"date":"2017-04-10T18:00:18","date_gmt":"2017-04-10T16:00:18","guid":{"rendered":"http:\/\/ulliso.se\/blog\/?p=6483"},"modified":"2017-04-10T13:46:20","modified_gmt":"2017-04-10T11:46:20","slug":"glad-och-lattad","status":"publish","type":"post","link":"https:\/\/ulliso.se\/blog\/?p=6483","title":{"rendered":"Glad och l\u00e4ttad!"},"content":{"rendered":"<p>Ig\u00e5r var jag p\u00e5 mitt f\u00f6rra jobb och gav mina arbetskamrater p\u00e5 min avdelning presenter (en massa godis) och en blomma. L\u00e4mnade \u00e4ven upp lite annat godis till personalen p\u00e5 hela huset (det finns ju 4 avdelningar) i personalens fikarum.&nbsp;<\/p>\n<p>Jag t\u00f6mde \u00e4ven mitt sk\u00e5p p\u00e5 jobbet.&nbsp;<\/p>\n<p>Idag var jag dit igen f\u00f6r att tr\u00e4ffa chefen och l\u00e4mna igen mina 2 jobbnycklar (huvudnyckel och medicinsk\u00e5psnyckel) samt &#8221;blippen&#8221; (som man anv\u00e4nder f\u00f6r att komma in p\u00e5 de boendes rum). Direkt jag kom in p\u00e5 chefskontoret s\u00e5 reste sig chefen och gav mig en stor kram. :) Denna chef \u00e4r ny sen i december, och jag gillar henne mycket, hon \u00e4r en toppentjej som \u00e4r en bra chef. Det har jag \u00e4ven sagt till henne att jag tycker. :) Det \u00e4r alltid bra att tala om f\u00f6r m\u00e4nniskor att dom \u00e4r toppen (tycker d\u00e5 jag iallafall). Den andra chefen var tyv\u00e4rr inte d\u00e4r idag. Hon \u00e4r lika bra hon. :)&nbsp;<\/p>\n<p>Vi pratade lite om jobbet och det k\u00e4ndes toppenbra n\u00e4r jag l\u00e4mnade det gamla jobbet. K\u00e4nns sk\u00f6nt att ha avslutat p\u00e5 ett bra s\u00e4tt d\u00e4r. Men jag k\u00e4nner verkligen att jag gjorde helt r\u00e4tt som bytte jobb, trots att jag hade toppenchefer och dom <strong><em>allra b\u00e4sta<\/em><\/strong> arbetskamraterna.&nbsp;<\/p>\n<p>Den 4 maj ska jag ut och \u00e4ta med dom. :) Det ser jag fram emot. Vi ska \u00e4ven tr\u00e4ffas i h\u00f6st och hitta p\u00e5 n\u00e5got. Men d\u00e4r emellan l\u00e4r det bli n\u00e5n fika eller tv\u00e5 ocks\u00e5. :)&nbsp;<\/p>\n<p><a href=\"https:\/\/ulliso.se\/blog\/?attachment_id=6485\" rel=\"attachment wp-att-6485\"><img loading=\"lazy\" class=\"wp-image-6485 aligncenter\" src=\"https:\/\/ulliso.se\/blog\/wp-content\/uploads\/2017\/04\/arbetskamrater.jpg\" alt=\"\" width=\"202\" height=\"128\"><\/a><\/p>\n","protected":false},"excerpt":{"rendered":"<p>Ig\u00e5r var jag p\u00e5 mitt f\u00f6rra jobb och gav mina arbetskamrater p\u00e5 min avdelning presenter (en massa godis) och en blomma. L\u00e4mnade \u00e4ven upp lite annat godis till personalen p\u00e5 hela huset (det finns ju 4 avdelningar) i personalens fikarum.&nbsp; Jag t\u00f6mde \u00e4ven mitt sk\u00e5p p\u00e5 jobbet.&nbsp; Idag var jag dit igen f\u00f6r att tr\u00e4ffa [&hellip;]<\/p>\n","protected":false},"author":1,"featured_media":0,"comment_status":"open","ping_status":"open","sticky":false,"template":"","format":"standard","meta":{"ngg_post_thumbnail":0},"categories":[6],"tags":[],"_links":{"self":[{"href":"https:\/\/ulliso.se\/blog\/index.php?rest_route=\/wp\/v2\/posts\/6483"}],"collection":[{"href":"https:\/\/ulliso.se\/blog\/index.php?rest_route=\/wp\/v2\/posts"}],"about":[{"href":"https:\/\/ulliso.se\/blog\/index.php?rest_route=\/wp\/v2\/types\/post"}],"author":[{"embeddable":true,"href":"https:\/\/ulliso.se\/blog\/index.php?rest_route=\/wp\/v2\/users\/1"}],"replies":[{"embeddable":true,"href":"https:\/\/ulliso.se\/blog\/index.php?rest_route=%2Fwp%2Fv2%2Fcomments&post=6483"}],"version-history":[{"count":2,"href":"https:\/\/ulliso.se\/blog\/index.php?rest_route=\/wp\/v2\/posts\/6483\/revisions"}],"predecessor-version":[{"id":6486,"href":"https:\/\/ulliso.se\/blog\/index.php?rest_route=\/wp\/v2\/posts\/6483\/revisions\/6486"}],"wp:attachment":[{"href":"https:\/\/ulliso.se\/blog\/index.php?rest_route=%2Fwp%2Fv2%2Fmedia&parent=6483"}],"wp:term":[{"taxonomy":"category","embeddable":true,"href":"https:\/\/ulliso.se\/blog\/index.php?rest_route=%2Fwp%2Fv2%2Fcategories&post=6483"},{"taxonomy":"post_tag","embeddable":true,"href":"https:\/\/ulliso.se\/blog\/index.php?rest_route=%2Fwp%2Fv2%2Ftags&post=6483"}],"curies":[{"name":"wp","href":"https:\/\/api.w.org\/{rel}","templated":true}]}}