{"id":652,"date":"2010-01-13T21:56:10","date_gmt":"2010-01-13T20:56:10","guid":{"rendered":"http:\/\/ulliso.se\/blog\/?p=652"},"modified":"2010-01-13T22:02:26","modified_gmt":"2010-01-13T21:02:26","slug":"fotoutmaning-tillbakablick","status":"publish","type":"post","link":"https:\/\/ulliso.se\/blog\/?p=652","title":{"rendered":"Fotoutmaning &#8211; Tillbakablick"},"content":{"rendered":"<p>Jag har g\u00e5tt med i en ny fotoutmaning, <a href=\"http:\/\/exponerat.blogspot.com\/search\/label\/Tema%20tillbakablick\" target=\"_blank\"><em>Tillbakablick<\/em><\/a>.<\/p>\n<p>D\u00e4r ska man d\u00e5 v\u00e4lja ett foto fr\u00e5n m\u00e5naden \u00e5ret innan som man inte tidigare visat och skria n\u00e5got om den.<\/p>\n<p>Denna bild tog jag 090101. Den \u00e4r tagen vid sj\u00f6n, som finns alldeles i min n\u00e4rhet.<\/p>\n<p><a href=\"https:\/\/ulliso.se\/blog\/wp-content\/uploads\/2010\/01\/tillbaka.jpg\"><img loading=\"lazy\" class=\"alignnone size-medium wp-image-653\" src=\"https:\/\/ulliso.se\/blog\/wp-content\/uploads\/2010\/01\/tillbaka-261x300.jpg\" alt=\"\" width=\"261\" height=\"300\" srcset=\"https:\/\/ulliso.se\/blog\/wp-content\/uploads\/2010\/01\/tillbaka-261x300.jpg 261w, https:\/\/ulliso.se\/blog\/wp-content\/uploads\/2010\/01\/tillbaka.jpg 550w\" sizes=\"(max-width: 261px) 100vw, 261px\" \/><\/a><\/p>\n","protected":false},"excerpt":{"rendered":"<p>Jag har g\u00e5tt med i en ny fotoutmaning, Tillbakablick. D\u00e4r ska man d\u00e5 v\u00e4lja ett foto fr\u00e5n m\u00e5naden \u00e5ret innan som man inte tidigare visat och skria n\u00e5got om den. Denna bild tog jag 090101. Den \u00e4r tagen vid sj\u00f6n, som finns alldeles i min n\u00e4rhet.<\/p>\n","protected":false},"author":1,"featured_media":0,"comment_status":"open","ping_status":"open","sticky":false,"template":"","format":"standard","meta":{"ngg_post_thumbnail":0},"categories":[15],"tags":[],"_links":{"self":[{"href":"https:\/\/ulliso.se\/blog\/index.php?rest_route=\/wp\/v2\/posts\/652"}],"collection":[{"href":"https:\/\/ulliso.se\/blog\/index.php?rest_route=\/wp\/v2\/posts"}],"about":[{"href":"https:\/\/ulliso.se\/blog\/index.php?rest_route=\/wp\/v2\/types\/post"}],"author":[{"embeddable":true,"href":"https:\/\/ulliso.se\/blog\/index.php?rest_route=\/wp\/v2\/users\/1"}],"replies":[{"embeddable":true,"href":"https:\/\/ulliso.se\/blog\/index.php?rest_route=%2Fwp%2Fv2%2Fcomments&post=652"}],"version-history":[{"count":4,"href":"https:\/\/ulliso.se\/blog\/index.php?rest_route=\/wp\/v2\/posts\/652\/revisions"}],"predecessor-version":[{"id":657,"href":"https:\/\/ulliso.se\/blog\/index.php?rest_route=\/wp\/v2\/posts\/652\/revisions\/657"}],"wp:attachment":[{"href":"https:\/\/ulliso.se\/blog\/index.php?rest_route=%2Fwp%2Fv2%2Fmedia&parent=652"}],"wp:term":[{"taxonomy":"category","embeddable":true,"href":"https:\/\/ulliso.se\/blog\/index.php?rest_route=%2Fwp%2Fv2%2Fcategories&post=652"},{"taxonomy":"post_tag","embeddable":true,"href":"https:\/\/ulliso.se\/blog\/index.php?rest_route=%2Fwp%2Fv2%2Ftags&post=652"}],"curies":[{"name":"wp","href":"https:\/\/api.w.org\/{rel}","templated":true}]}}