{"id":6542,"date":"2017-06-06T21:21:32","date_gmt":"2017-06-06T19:21:32","guid":{"rendered":"http:\/\/ulliso.se\/blog\/?p=6542"},"modified":"2017-06-06T21:21:32","modified_gmt":"2017-06-06T19:21:32","slug":"efit-170606","status":"publish","type":"post","link":"https:\/\/ulliso.se\/blog\/?p=6542","title":{"rendered":"EFIT 170606"},"content":{"rendered":"<!-- index.php -->\n<div\n\tclass=\"ngg-galleryoverview ngg-ajax-pagination-none\"\n\tid=\"ngg-gallery-862c1813b8c8a28675df5ef36acd34da-1\">\n\n    \t<div class=\"slideshowlink\">\n        <a href='https:\/\/ulliso.se\/blog\/index.php\/nggallery\/slideshow?p=6542'>&#091;Show as slideshow&#093;<\/a>\n\t\t\n\t<\/div>\n\t\t\t<!-- Thumbnails -->\n\t\t\t\t<div id=\"ngg-image-0\" class=\"ngg-gallery-thumbnail-box\" >\n\t\t\t\t        <div class=\"ngg-gallery-thumbnail\">\n            <a href=\"https:\/\/ulliso.se\/blog\/wp-content\/gallery\/efit170606\/12_00.JPG\"\n               title=\"12.00: Kommer p\u00e5 att det ju \u00e4r EFIT idag och kn\u00e4pper dagens f\u00f6rsta bild, r\u00e4tt ut genom vardagsrumsf\u00f6nstret.\"\n               data-src=\"https:\/\/ulliso.se\/blog\/wp-content\/gallery\/efit170606\/12_00.JPG\"\n               data-thumbnail=\"https:\/\/ulliso.se\/blog\/wp-content\/gallery\/efit170606\/thumbs\/thumbs_12_00.JPG\"\n               data-image-id=\"1020\"\n               data-title=\"12_00\"\n               data-description=\"12.00: Kommer p\u00e5 att det ju \u00e4r EFIT idag och kn\u00e4pper dagens f\u00f6rsta bild, r\u00e4tt ut genom vardagsrumsf\u00f6nstret.\"\n               data-image-slug=\"12_00-1\"\n               class=\"shutterset_862c1813b8c8a28675df5ef36acd34da\">\n                <img\n                    title=\"12_00\"\n                    alt=\"12_00\"\n                    src=\"https:\/\/ulliso.se\/blog\/wp-content\/gallery\/efit170606\/thumbs\/thumbs_12_00.JPG\"\n                    width=\"100\"\n                    height=\"75\"\n                    style=\"max-width:100%;\"\n                \/>\n            <\/a>\n        <\/div>\n\t\t\t\t\t\t\t<\/div> \n\t\t\t\n        \n\t\t\t\t<div id=\"ngg-image-1\" class=\"ngg-gallery-thumbnail-box\" >\n\t\t\t\t        <div class=\"ngg-gallery-thumbnail\">\n            <a href=\"https:\/\/ulliso.se\/blog\/wp-content\/gallery\/efit170606\/12_30.JPG\"\n               title=\"12.30: Vi ska p\u00e5 nationaldagsfirande i Badhusparken.\"\n               data-src=\"https:\/\/ulliso.se\/blog\/wp-content\/gallery\/efit170606\/12_30.JPG\"\n               data-thumbnail=\"https:\/\/ulliso.se\/blog\/wp-content\/gallery\/efit170606\/thumbs\/thumbs_12_30.JPG\"\n               data-image-id=\"1021\"\n               data-title=\"12_30\"\n               data-description=\"12.30: Vi ska p\u00e5 nationaldagsfirande i Badhusparken.\"\n               data-image-slug=\"12_30\"\n               class=\"shutterset_862c1813b8c8a28675df5ef36acd34da\">\n                <img\n                    title=\"12_30\"\n                    alt=\"12_30\"\n                    src=\"https:\/\/ulliso.se\/blog\/wp-content\/gallery\/efit170606\/thumbs\/thumbs_12_30.JPG\"\n                    width=\"100\"\n                    height=\"75\"\n                    style=\"max-width:100%;\"\n                \/>\n            <\/a>\n        <\/div>\n\t\t\t\t\t\t\t<\/div> \n\t\t\t\n        \n\t\t\t\t<div id=\"ngg-image-2\" class=\"ngg-gallery-thumbnail-box\" >\n\t\t\t\t        <div class=\"ngg-gallery-thumbnail\">\n            <a href=\"https:\/\/ulliso.se\/blog\/wp-content\/gallery\/efit170606\/13_00.JPG\"\n               title=\"13.00: En b\u00e5t p\u00e5 kanalen.\"\n               data-src=\"https:\/\/ulliso.se\/blog\/wp-content\/gallery\/efit170606\/13_00.JPG\"\n               data-thumbnail=\"https:\/\/ulliso.se\/blog\/wp-content\/gallery\/efit170606\/thumbs\/thumbs_13_00.JPG\"\n               data-image-id=\"1022\"\n               data-title=\"13_00\"\n               data-description=\"13.00: En b\u00e5t p\u00e5 kanalen.\"\n               data-image-slug=\"13_00\"\n               class=\"shutterset_862c1813b8c8a28675df5ef36acd34da\">\n                <img\n                    title=\"13_00\"\n                    alt=\"13_00\"\n                    src=\"https:\/\/ulliso.se\/blog\/wp-content\/gallery\/efit170606\/thumbs\/thumbs_13_00.JPG\"\n                    width=\"100\"\n                    height=\"75\"\n                    style=\"max-width:100%;\"\n                \/>\n            <\/a>\n        <\/div>\n\t\t\t\t\t\t\t<\/div> \n\t\t\t\n        \n\t\t\t\t<div id=\"ngg-image-3\" class=\"ngg-gallery-thumbnail-box\" >\n\t\t\t\t        <div class=\"ngg-gallery-thumbnail\">\n            <a href=\"https:\/\/ulliso.se\/blog\/wp-content\/gallery\/efit170606\/13_30.JPG\"\n               title=\"13.30: Vi tar en fika p\u00e5 Hansens i \u00d6jebyn. D\u00e4r passar vi \u00e4ven p\u00e5 att best\u00e4lla en studentt\u00e5rta till \u00e4ldsta dotterns kommande student den 16 juni.\"\n               data-src=\"https:\/\/ulliso.se\/blog\/wp-content\/gallery\/efit170606\/13_30.JPG\"\n               data-thumbnail=\"https:\/\/ulliso.se\/blog\/wp-content\/gallery\/efit170606\/thumbs\/thumbs_13_30.JPG\"\n               data-image-id=\"1023\"\n               data-title=\"13_30\"\n               data-description=\"13.30: Vi tar en fika p\u00e5 Hansens i \u00d6jebyn. D\u00e4r passar vi \u00e4ven p\u00e5 att best\u00e4lla en studentt\u00e5rta till \u00e4ldsta dotterns kommande student den 16 juni.\"\n               data-image-slug=\"13_30-2\"\n               class=\"shutterset_862c1813b8c8a28675df5ef36acd34da\">\n                <img\n                    title=\"13_30\"\n                    alt=\"13_30\"\n                    src=\"https:\/\/ulliso.se\/blog\/wp-content\/gallery\/efit170606\/thumbs\/thumbs_13_30.JPG\"\n                    width=\"100\"\n                    height=\"75\"\n                    style=\"max-width:100%;\"\n                \/>\n            <\/a>\n        <\/div>\n\t\t\t\t\t\t\t<\/div> \n\t\t\t\n        \n\t\t\t\t<div id=\"ngg-image-4\" class=\"ngg-gallery-thumbnail-box\" >\n\t\t\t\t        <div class=\"ngg-gallery-thumbnail\">\n            <a href=\"https:\/\/ulliso.se\/blog\/wp-content\/gallery\/efit170606\/14_30.JPG\"\n               title=\"14.30: Yngsta dottern m\u00e5lar kabeltrumman som vi var och k\u00f6pte i f\u00f6rrg\u00e5r.\"\n               data-src=\"https:\/\/ulliso.se\/blog\/wp-content\/gallery\/efit170606\/14_30.JPG\"\n               data-thumbnail=\"https:\/\/ulliso.se\/blog\/wp-content\/gallery\/efit170606\/thumbs\/thumbs_14_30.JPG\"\n               data-image-id=\"1024\"\n               data-title=\"14_30\"\n               data-description=\"14.30: Yngsta dottern m\u00e5lar kabeltrumman som vi var och k\u00f6pte i f\u00f6rrg\u00e5r.\"\n               data-image-slug=\"14_30-1\"\n               class=\"shutterset_862c1813b8c8a28675df5ef36acd34da\">\n                <img\n                    title=\"14_30\"\n                    alt=\"14_30\"\n                    src=\"https:\/\/ulliso.se\/blog\/wp-content\/gallery\/efit170606\/thumbs\/thumbs_14_30.JPG\"\n                    width=\"100\"\n                    height=\"75\"\n                    style=\"max-width:100%;\"\n                \/>\n            <\/a>\n        <\/div>\n\t\t\t\t\t\t\t<\/div> \n\t\t\t\n        \n\t\t\t\t<div id=\"ngg-image-5\" class=\"ngg-gallery-thumbnail-box\" >\n\t\t\t\t        <div class=\"ngg-gallery-thumbnail\">\n            <a href=\"https:\/\/ulliso.se\/blog\/wp-content\/gallery\/efit170606\/15_30_01.JPG\"\n               title=\"15.30: Jag passar p\u00e5 att damma i mitt badrumssk\u00e5p inne i badrummet. Ja, jag har ett alldeles eget sk\u00e5p. \u00c4ven yngsta dottern och sambon har egna sk\u00e5p eftersom vi har 3 st sk\u00e5p inne i badrummet. (Sonen har en egen toalett och \u00e4ldsta dottern har sina saker inne p\u00e5 sitt rum).\"\n               data-src=\"https:\/\/ulliso.se\/blog\/wp-content\/gallery\/efit170606\/15_30_01.JPG\"\n               data-thumbnail=\"https:\/\/ulliso.se\/blog\/wp-content\/gallery\/efit170606\/thumbs\/thumbs_15_30_01.JPG\"\n               data-image-id=\"1025\"\n               data-title=\"15_30_01\"\n               data-description=\"15.30: Jag passar p\u00e5 att damma i mitt badrumssk\u00e5p inne i badrummet. Ja, jag har ett alldeles eget sk\u00e5p. \u00c4ven yngsta dottern och sambon har egna sk\u00e5p eftersom vi har 3 st sk\u00e5p inne i badrummet. (Sonen har en egen toalett och \u00e4ldsta dottern har sina saker inne p\u00e5 sitt rum).\"\n               data-image-slug=\"15_30_01\"\n               class=\"shutterset_862c1813b8c8a28675df5ef36acd34da\">\n                <img\n                    title=\"15_30_01\"\n                    alt=\"15_30_01\"\n                    src=\"https:\/\/ulliso.se\/blog\/wp-content\/gallery\/efit170606\/thumbs\/thumbs_15_30_01.JPG\"\n                    width=\"100\"\n                    height=\"75\"\n                    style=\"max-width:100%;\"\n                \/>\n            <\/a>\n        <\/div>\n\t\t\t\t\t\t\t<\/div> \n\t\t\t\n        \n\t\t\t\t<div id=\"ngg-image-6\" class=\"ngg-gallery-thumbnail-box\" >\n\t\t\t\t        <div class=\"ngg-gallery-thumbnail\">\n            <a href=\"https:\/\/ulliso.se\/blog\/wp-content\/gallery\/efit170606\/15_30_02.JPG\"\n               title=\"Bonusbild: Mina parfymer.\"\n               data-src=\"https:\/\/ulliso.se\/blog\/wp-content\/gallery\/efit170606\/15_30_02.JPG\"\n               data-thumbnail=\"https:\/\/ulliso.se\/blog\/wp-content\/gallery\/efit170606\/thumbs\/thumbs_15_30_02.JPG\"\n               data-image-id=\"1026\"\n               data-title=\"15_30_02\"\n               data-description=\"Bonusbild: Mina parfymer.\"\n               data-image-slug=\"15_30_02\"\n               class=\"shutterset_862c1813b8c8a28675df5ef36acd34da\">\n                <img\n                    title=\"15_30_02\"\n                    alt=\"15_30_02\"\n                    src=\"https:\/\/ulliso.se\/blog\/wp-content\/gallery\/efit170606\/thumbs\/thumbs_15_30_02.JPG\"\n                    width=\"100\"\n                    height=\"75\"\n                    style=\"max-width:100%;\"\n                \/>\n            <\/a>\n        <\/div>\n\t\t\t\t\t\t\t<\/div> \n\t\t\t\n        \n\t\t\t\t<div id=\"ngg-image-7\" class=\"ngg-gallery-thumbnail-box\" >\n\t\t\t\t        <div class=\"ngg-gallery-thumbnail\">\n            <a href=\"https:\/\/ulliso.se\/blog\/wp-content\/gallery\/efit170606\/16_30.JPG\"\n               title=\"16.30. Vi blev bjudna p\u00e5 grillat hos Jonas f\u00f6r\u00e4ldrar. Tyv\u00e4rr s\u00e5 gl\u00f6mde jag bort att fota n\u00e4r vi var d\u00e4r. Men jag fotade iallafall en bild n\u00e4r vi kom, en blomma i deras tr\u00e4dg\u00e5rd.\"\n               data-src=\"https:\/\/ulliso.se\/blog\/wp-content\/gallery\/efit170606\/16_30.JPG\"\n               data-thumbnail=\"https:\/\/ulliso.se\/blog\/wp-content\/gallery\/efit170606\/thumbs\/thumbs_16_30.JPG\"\n               data-image-id=\"1027\"\n               data-title=\"16_30\"\n               data-description=\"16.30. Vi blev bjudna p\u00e5 grillat hos Jonas f\u00f6r\u00e4ldrar. Tyv\u00e4rr s\u00e5 gl\u00f6mde jag bort att fota n\u00e4r vi var d\u00e4r. Men jag fotade iallafall en bild n\u00e4r vi kom, en blomma i deras tr\u00e4dg\u00e5rd.\"\n               data-image-slug=\"16_30-3\"\n               class=\"shutterset_862c1813b8c8a28675df5ef36acd34da\">\n                <img\n                    title=\"16_30\"\n                    alt=\"16_30\"\n                    src=\"https:\/\/ulliso.se\/blog\/wp-content\/gallery\/efit170606\/thumbs\/thumbs_16_30.JPG\"\n                    width=\"100\"\n                    height=\"75\"\n                    style=\"max-width:100%;\"\n                \/>\n            <\/a>\n        <\/div>\n\t\t\t\t\t\t\t<\/div> \n\t\t\t\n        \n\t\t\t\t<div id=\"ngg-image-8\" class=\"ngg-gallery-thumbnail-box\" >\n\t\t\t\t        <div class=\"ngg-gallery-thumbnail\">\n            <a href=\"https:\/\/ulliso.se\/blog\/wp-content\/gallery\/efit170606\/19_30.JPG\"\n               title=\"19.30: Vi \u00e4r och letar cache. Tyv\u00e4rr hittade vi den inte idag, f\u00e5r leta vidare en annan dag.\"\n               data-src=\"https:\/\/ulliso.se\/blog\/wp-content\/gallery\/efit170606\/19_30.JPG\"\n               data-thumbnail=\"https:\/\/ulliso.se\/blog\/wp-content\/gallery\/efit170606\/thumbs\/thumbs_19_30.JPG\"\n               data-image-id=\"1028\"\n               data-title=\"19_30\"\n               data-description=\"19.30: Vi \u00e4r och letar cache. Tyv\u00e4rr hittade vi den inte idag, f\u00e5r leta vidare en annan dag.\"\n               data-image-slug=\"19_30\"\n               class=\"shutterset_862c1813b8c8a28675df5ef36acd34da\">\n                <img\n                    title=\"19_30\"\n                    alt=\"19_30\"\n                    src=\"https:\/\/ulliso.se\/blog\/wp-content\/gallery\/efit170606\/thumbs\/thumbs_19_30.JPG\"\n                    width=\"100\"\n                    height=\"75\"\n                    style=\"max-width:100%;\"\n                \/>\n            <\/a>\n        <\/div>\n\t\t\t\t\t\t\t<\/div> \n\t\t\t\n        \n\t\t\n\t\t<!-- Pagination -->\n\t<div class='ngg-clear'><\/div>\t<\/div>\n\n","protected":false},"excerpt":{"rendered":"<p>&#8221; order_by=&#8221;sortorder&#8221; order_direction=&#8221;ASC&#8221; returns=&#8221;included&#8221; maximum_entity_count=&#8221;500&#8243;]<\/p>\n","protected":false},"author":1,"featured_media":0,"comment_status":"open","ping_status":"open","sticky":false,"template":"","format":"standard","meta":{"ngg_post_thumbnail":0},"categories":[21],"tags":[],"_links":{"self":[{"href":"https:\/\/ulliso.se\/blog\/index.php?rest_route=\/wp\/v2\/posts\/6542"}],"collection":[{"href":"https:\/\/ulliso.se\/blog\/index.php?rest_route=\/wp\/v2\/posts"}],"about":[{"href":"https:\/\/ulliso.se\/blog\/index.php?rest_route=\/wp\/v2\/types\/post"}],"author":[{"embeddable":true,"href":"https:\/\/ulliso.se\/blog\/index.php?rest_route=\/wp\/v2\/users\/1"}],"replies":[{"embeddable":true,"href":"https:\/\/ulliso.se\/blog\/index.php?rest_route=%2Fwp%2Fv2%2Fcomments&post=6542"}],"version-history":[{"count":1,"href":"https:\/\/ulliso.se\/blog\/index.php?rest_route=\/wp\/v2\/posts\/6542\/revisions"}],"predecessor-version":[{"id":6543,"href":"https:\/\/ulliso.se\/blog\/index.php?rest_route=\/wp\/v2\/posts\/6542\/revisions\/6543"}],"wp:attachment":[{"href":"https:\/\/ulliso.se\/blog\/index.php?rest_route=%2Fwp%2Fv2%2Fmedia&parent=6542"}],"wp:term":[{"taxonomy":"category","embeddable":true,"href":"https:\/\/ulliso.se\/blog\/index.php?rest_route=%2Fwp%2Fv2%2Fcategories&post=6542"},{"taxonomy":"post_tag","embeddable":true,"href":"https:\/\/ulliso.se\/blog\/index.php?rest_route=%2Fwp%2Fv2%2Ftags&post=6542"}],"curies":[{"name":"wp","href":"https:\/\/api.w.org\/{rel}","templated":true}]}}