{"id":6582,"date":"2018-02-11T20:51:57","date_gmt":"2018-02-11T19:51:57","guid":{"rendered":"http:\/\/ulliso.se\/blog\/?p=6582"},"modified":"2018-02-11T20:51:57","modified_gmt":"2018-02-11T19:51:57","slug":"11-februari","status":"publish","type":"post","link":"https:\/\/ulliso.se\/blog\/?p=6582","title":{"rendered":"11 februari"},"content":{"rendered":"<p>Nu var det ett tag sen sist, igen. T\u00e4nker ofta att &#8221;nu ska jag skriva lite i bloggen&#8221;, men det fastnar alltid vid en tanke.&nbsp;<\/p>\n<p>Jag l\u00e4ngtar till v\u00e5ren nu, och som tur v\u00e4l \u00e4r s\u00e5 kommer den n\u00e4rmare, \u00e4ven om det \u00e4r en bit kvar. Men dagarna blir allt ljusare och ljusare. :)&nbsp;<\/p>\n<p><a href=\"https:\/\/ulliso.se\/blog\/?attachment_id=6583\" rel=\"attachment wp-att-6583\"><img loading=\"lazy\" class=\"alignnone size-medium wp-image-6583\" src=\"https:\/\/ulliso.se\/blog\/wp-content\/uploads\/2018\/02\/DSCF2553-300x198.jpg\" alt=\"\" width=\"300\" height=\"198\" srcset=\"https:\/\/ulliso.se\/blog\/wp-content\/uploads\/2018\/02\/DSCF2553-300x198.jpg 300w, https:\/\/ulliso.se\/blog\/wp-content\/uploads\/2018\/02\/DSCF2553-768x507.jpg 768w, https:\/\/ulliso.se\/blog\/wp-content\/uploads\/2018\/02\/DSCF2553.jpg 800w\" sizes=\"(max-width: 300px) 100vw, 300px\" \/><\/a><br \/>\n<em>P\u00e5 v\u00e5r framsida. Huset som skymtar \u00e4r mitt f\u00f6rra jobb, demensboendet. N\u00e5nstans d\u00e4r emellan oss och boendet finns det ett r\u00f6tt staket som inte syns nu pga all sn\u00f6.&nbsp;<\/em><\/p>\n<p><a href=\"https:\/\/ulliso.se\/blog\/?attachment_id=6584\" rel=\"attachment wp-att-6584\"><img loading=\"lazy\" class=\"alignnone size-medium wp-image-6584\" src=\"https:\/\/ulliso.se\/blog\/wp-content\/uploads\/2018\/02\/DSCF2554-300x185.jpg\" alt=\"\" width=\"300\" height=\"185\" srcset=\"https:\/\/ulliso.se\/blog\/wp-content\/uploads\/2018\/02\/DSCF2554-300x185.jpg 300w, https:\/\/ulliso.se\/blog\/wp-content\/uploads\/2018\/02\/DSCF2554-768x474.jpg 768w, https:\/\/ulliso.se\/blog\/wp-content\/uploads\/2018\/02\/DSCF2554.jpg 800w\" sizes=\"(max-width: 300px) 100vw, 300px\" \/><br \/>\n<\/a><em>V\u00e5r baksida. Sn\u00f6n n\u00e5r upp till Emmys studsmatta. Sp\u00e5ren i sn\u00f6n har Linus och Emmy g\u00e5tt upp d\u00e5 dom varit p\u00e5 baksidan.&nbsp;&nbsp;<\/em><\/p>\n<p><a href=\"https:\/\/ulliso.se\/blog\/?attachment_id=6585\" rel=\"attachment wp-att-6585\"><img loading=\"lazy\" class=\"alignnone size-medium wp-image-6585\" src=\"https:\/\/ulliso.se\/blog\/wp-content\/uploads\/2018\/02\/DSCF2558-300x251.jpg\" alt=\"\" width=\"300\" height=\"251\" srcset=\"https:\/\/ulliso.se\/blog\/wp-content\/uploads\/2018\/02\/DSCF2558-300x251.jpg 300w, https:\/\/ulliso.se\/blog\/wp-content\/uploads\/2018\/02\/DSCF2558-768x643.jpg 768w, https:\/\/ulliso.se\/blog\/wp-content\/uploads\/2018\/02\/DSCF2558.jpg 800w\" sizes=\"(max-width: 300px) 100vw, 300px\" \/><br \/>\n<\/a><em>Tulpaner i solskenet.&nbsp;<\/em><\/p>\n<p>Imorgon \u00e4r det dags f\u00f6r \u00e4nnu en jobbvecka, en 4-dagars denna vecka. Jag \u00e4r ju ledig varannan fredag. Sk\u00f6nt med en 4-dagars vecka. Har dock erbjudit mig att arbeta alla fredagar (pga att operationerna kanske ska ut\u00f6kas p\u00e5 fredagarna), men d\u00e5 mot att jag f\u00e5r kortare arbetsdagar i veckorna.&nbsp;<\/p>\n<p>Nu ska jag dock strax g\u00e5 och f\u00f6rbereda inf\u00f6r jobbdagen, det g\u00f6r jag varje kv\u00e4ll. :) Sen ska jag sova.&nbsp;<\/p>\n","protected":false},"excerpt":{"rendered":"<p>Nu var det ett tag sen sist, igen. T\u00e4nker ofta att &#8221;nu ska jag skriva lite i bloggen&#8221;, men det fastnar alltid vid en tanke.&nbsp; Jag l\u00e4ngtar till v\u00e5ren nu, och som tur v\u00e4l \u00e4r s\u00e5 kommer den n\u00e4rmare, \u00e4ven om det \u00e4r en bit kvar. Men dagarna blir allt ljusare och ljusare. :)&nbsp; P\u00e5 [&hellip;]<\/p>\n","protected":false},"author":1,"featured_media":0,"comment_status":"open","ping_status":"open","sticky":false,"template":"","format":"standard","meta":{"ngg_post_thumbnail":0},"categories":[6],"tags":[],"_links":{"self":[{"href":"https:\/\/ulliso.se\/blog\/index.php?rest_route=\/wp\/v2\/posts\/6582"}],"collection":[{"href":"https:\/\/ulliso.se\/blog\/index.php?rest_route=\/wp\/v2\/posts"}],"about":[{"href":"https:\/\/ulliso.se\/blog\/index.php?rest_route=\/wp\/v2\/types\/post"}],"author":[{"embeddable":true,"href":"https:\/\/ulliso.se\/blog\/index.php?rest_route=\/wp\/v2\/users\/1"}],"replies":[{"embeddable":true,"href":"https:\/\/ulliso.se\/blog\/index.php?rest_route=%2Fwp%2Fv2%2Fcomments&post=6582"}],"version-history":[{"count":1,"href":"https:\/\/ulliso.se\/blog\/index.php?rest_route=\/wp\/v2\/posts\/6582\/revisions"}],"predecessor-version":[{"id":6586,"href":"https:\/\/ulliso.se\/blog\/index.php?rest_route=\/wp\/v2\/posts\/6582\/revisions\/6586"}],"wp:attachment":[{"href":"https:\/\/ulliso.se\/blog\/index.php?rest_route=%2Fwp%2Fv2%2Fmedia&parent=6582"}],"wp:term":[{"taxonomy":"category","embeddable":true,"href":"https:\/\/ulliso.se\/blog\/index.php?rest_route=%2Fwp%2Fv2%2Fcategories&post=6582"},{"taxonomy":"post_tag","embeddable":true,"href":"https:\/\/ulliso.se\/blog\/index.php?rest_route=%2Fwp%2Fv2%2Ftags&post=6582"}],"curies":[{"name":"wp","href":"https:\/\/api.w.org\/{rel}","templated":true}]}}