{"id":6640,"date":"2019-04-07T21:53:44","date_gmt":"2019-04-07T19:53:44","guid":{"rendered":"http:\/\/ulliso.se\/blog\/?p=6640"},"modified":"2021-08-23T22:35:58","modified_gmt":"2021-08-23T20:35:58","slug":"denna-helgen","status":"publish","type":"post","link":"https:\/\/ulliso.se\/blog\/?p=6640","title":{"rendered":"Denna helgen"},"content":{"rendered":"\n<p>Jag hade ledig fredag (h\u00e4nder varannan vecka) i fredags s\u00e5 f\u00f6r mig b\u00f6rjade helgen efter arbetsdagens slut i torsdags. Jag flexade ut kl. 15.45 eftersom Emmy skulle klippa sig kl. 17.<br><br><strong><em>Fredag:<\/em><\/strong> Vi bytte till sommard\u00e4ck. S\u00e5 sk\u00f6nt att f\u00e5 en lite tystare bil. V\u00e4dret i fredags var soligt men bl\u00e5sigt. Jonas klippte till balkongmattan och monterade tv\u00e5 av balkongm\u00f6blerna. <\/p>\n\n\n\n<p><strong><em>L\u00f6rdag:<\/em><\/strong> Dagen b\u00f6rjade med att jag och tjejerna och k\u00f6pte frukostbr\u00f6d p\u00e5 Mandelt\u00e5rtan och p\u00e5 Contan. <\/p>\n\n\n\n<figure class=\"wp-block-image is-resized\"><img loading=\"lazy\" src=\"https:\/\/ulliso.se\/blog\/wp-content\/uploads\/2019\/04\/IMG_2025-747x1024.jpeg\" alt=\"\" class=\"wp-image-6641\" width=\"374\" height=\"512\" srcset=\"https:\/\/ulliso.se\/blog\/wp-content\/uploads\/2019\/04\/IMG_2025-747x1024.jpeg 747w, https:\/\/ulliso.se\/blog\/wp-content\/uploads\/2019\/04\/IMG_2025-219x300.jpeg 219w, https:\/\/ulliso.se\/blog\/wp-content\/uploads\/2019\/04\/IMG_2025-768x1053.jpeg 768w, https:\/\/ulliso.se\/blog\/wp-content\/uploads\/2019\/04\/IMG_2025.jpeg 1000w\" sizes=\"(max-width: 374px) 100vw, 374px\" \/><\/figure>\n\n\n\n<figure class=\"wp-block-image is-resized\"><img loading=\"lazy\" src=\"https:\/\/ulliso.se\/blog\/wp-content\/uploads\/2019\/04\/IMG_2026-748x1024.jpeg\" alt=\"\" class=\"wp-image-6642\" width=\"374\" height=\"512\" srcset=\"https:\/\/ulliso.se\/blog\/wp-content\/uploads\/2019\/04\/IMG_2026-748x1024.jpeg 748w, https:\/\/ulliso.se\/blog\/wp-content\/uploads\/2019\/04\/IMG_2026-219x300.jpeg 219w, https:\/\/ulliso.se\/blog\/wp-content\/uploads\/2019\/04\/IMG_2026-768x1051.jpeg 768w, https:\/\/ulliso.se\/blog\/wp-content\/uploads\/2019\/04\/IMG_2026.jpeg 1000w\" sizes=\"(max-width: 374px) 100vw, 374px\" \/><\/figure>\n\n\n\n<p> Efter frukosten monterade Jonas balkongbordet. Vi  var och k\u00f6pte stearinljus och ny kattsand. (Vi anv\u00e4nder  Ever clean som kattsand och vi byter den en g\u00e5ng i m\u00e5naden. Men plockar  s\u00e5klart bort kiss- och bajsklumparna flera g\u00e5nger varje dag).  <\/p>\n\n\n\n<p>P\u00e5 eftermiddagen var vi p\u00e5 17-\u00e5rskalas f\u00f6r ena systersonen. Det var trevligt som alltid att tr\u00e4ffa familjen och bli bjudna p\u00e5 mat och fika. :) <\/p>\n\n\n\n<p>Efter kalaset monterade Jonas resterande av balkongm\u00f6blerna. V\u00e4dret har varit lite varmare \u00e4n ig\u00e5r (fredag) men det har bl\u00e5st \u00e4ven idag. <\/p>\n\n\n\n<p><strong><em>S\u00f6ndag:<\/em><\/strong> Vi \u00e5kte till Plantriket och k\u00f6pte blommor till balkongen. Vi har \u00e4ven \u00e4tit s\u00e4songens f\u00f6rsta kulglass, vi k\u00f6pte den p\u00e5 torget. <br><br>Efter det var vi och veckohandlade f\u00f6r halva kommande vecka. <\/p>\n\n\n\n<p>Vi hann ocks\u00e5 med att geocacha lite. Vi skulle testa att ta en geocache som vi tror ligger i vattnet, men n\u00e4r vi n\u00e4stan var framme s\u00e5 h\u00f6ll Jonas p\u00e5 att trampa mitt p\u00e5 en sk\u00e4ggdopping (tror vi iaf) som l\u00e5g och ruvade p\u00e5 sina \u00e4gg. S\u00e5 vi l\u00e4mnade omr\u00e5det illa kvickt. Vi ville ju verkligen inte st\u00f6ra, och inte heller bli \u00f6verfallna av uppretade f\u00e5glar. Vi f\u00e5r \u00e5terkomma senare i sommar. <\/p>\n\n\n\n<p>V\u00e4dret idag har varit varmt och soligt! H\u00e4rligt! Avslutar med en bild p\u00e5 den f\u00e4rdigpimpade balkongen. Nu ska jag strax g\u00e5 och l\u00e4gga mig, ny jobbvecka om n\u00e5gra timmar. I skrivande stund regnar det ute. Det g\u00f6r inget, regnet beh\u00f6vs. :) <\/p>\n\n\n\n<figure class=\"wp-block-image is-resized\"><img loading=\"lazy\" src=\"https:\/\/ulliso.se\/blog\/wp-content\/uploads\/2019\/04\/IMG_2076.jpg\" alt=\"\" class=\"wp-image-6643\" width=\"500\" height=\"375\" srcset=\"https:\/\/ulliso.se\/blog\/wp-content\/uploads\/2019\/04\/IMG_2076.jpg 1000w, https:\/\/ulliso.se\/blog\/wp-content\/uploads\/2019\/04\/IMG_2076-300x225.jpg 300w, https:\/\/ulliso.se\/blog\/wp-content\/uploads\/2019\/04\/IMG_2076-768x576.jpg 768w\" sizes=\"(max-width: 500px) 100vw, 500px\" \/><\/figure>\n\n\n\n<p><br><\/p>\n","protected":false},"excerpt":{"rendered":"<p>Jag hade ledig fredag (h\u00e4nder varannan vecka) i fredags s\u00e5 f\u00f6r mig b\u00f6rjade helgen efter arbetsdagens slut i torsdags. Jag flexade ut kl. 15.45 eftersom Emmy skulle klippa sig kl. 17. Fredag: Vi bytte till sommard\u00e4ck. S\u00e5 sk\u00f6nt att f\u00e5 en lite tystare bil. V\u00e4dret i fredags var soligt men bl\u00e5sigt. Jonas klippte till balkongmattan [&hellip;]<\/p>\n","protected":false},"author":1,"featured_media":0,"comment_status":"open","ping_status":"open","sticky":false,"template":"","format":"standard","meta":{"ngg_post_thumbnail":0},"categories":[6],"tags":[],"_links":{"self":[{"href":"https:\/\/ulliso.se\/blog\/index.php?rest_route=\/wp\/v2\/posts\/6640"}],"collection":[{"href":"https:\/\/ulliso.se\/blog\/index.php?rest_route=\/wp\/v2\/posts"}],"about":[{"href":"https:\/\/ulliso.se\/blog\/index.php?rest_route=\/wp\/v2\/types\/post"}],"author":[{"embeddable":true,"href":"https:\/\/ulliso.se\/blog\/index.php?rest_route=\/wp\/v2\/users\/1"}],"replies":[{"embeddable":true,"href":"https:\/\/ulliso.se\/blog\/index.php?rest_route=%2Fwp%2Fv2%2Fcomments&post=6640"}],"version-history":[{"count":4,"href":"https:\/\/ulliso.se\/blog\/index.php?rest_route=\/wp\/v2\/posts\/6640\/revisions"}],"predecessor-version":[{"id":6699,"href":"https:\/\/ulliso.se\/blog\/index.php?rest_route=\/wp\/v2\/posts\/6640\/revisions\/6699"}],"wp:attachment":[{"href":"https:\/\/ulliso.se\/blog\/index.php?rest_route=%2Fwp%2Fv2%2Fmedia&parent=6640"}],"wp:term":[{"taxonomy":"category","embeddable":true,"href":"https:\/\/ulliso.se\/blog\/index.php?rest_route=%2Fwp%2Fv2%2Fcategories&post=6640"},{"taxonomy":"post_tag","embeddable":true,"href":"https:\/\/ulliso.se\/blog\/index.php?rest_route=%2Fwp%2Fv2%2Ftags&post=6640"}],"curies":[{"name":"wp","href":"https:\/\/api.w.org\/{rel}","templated":true}]}}