{"id":6650,"date":"2019-10-01T20:31:52","date_gmt":"2019-10-01T18:31:52","guid":{"rendered":"http:\/\/ulliso.se\/blog\/?p=6650"},"modified":"2019-10-01T20:31:52","modified_gmt":"2019-10-01T18:31:52","slug":"oktober","status":"publish","type":"post","link":"https:\/\/ulliso.se\/blog\/?p=6650","title":{"rendered":"Oktober"},"content":{"rendered":"\n<p>F\u00f6rsta dagen p\u00e5 denna m\u00e5nad. Det \u00e4r \u00e4ven f\u00f6rsta dagen som jag \u00e5ter igen b\u00f6rjar \u00e4ta D-vitamin (\u00e4ter det oktober-mars\/april). Nu i sommar s\u00e5 k\u00f6pte jag ett nytt m\u00e4rke att testa, &#8221;Puori&#8221; heter det. Det \u00e4r <a href=\"https:\/\/www.dietdoctor.com\/se\/rekommenderade-halsoprodukter#d-vitamin\">Dietdoctor<\/a> som tipsar om det. <br><br>N\u00e4r jag k\u00f6pte D-vitaminet s\u00e5 k\u00f6pte jag \u00e4ven magnesiumet som han \u00e4ven tipsar om d\u00e4r p\u00e5 den sidan. Magnesiumet har jag \u00e4tit nu i n\u00e5gra dagar. <\/p>\n\n\n\n<p>Idag har jag betalat f\u00f6r \u00e4nnu ett \u00e5r p\u00e5 webbhotellet. Ibland t\u00e4nker jag att jag inte l\u00e4ngre ska ha kvar bloggen, men vad \u00e4r egentligen 288 kr p\u00e5 ett \u00e5r&#8230; Har ju \u00e4nd\u00e5 skrivit en del h\u00e4r, s\u00e5 det \u00e4r ju kul att ha kvar. <\/p>\n\n\n\n<p>Just nu provk\u00f6r vi den nya toppmatade tv\u00e4ttmaskinen som k\u00f6ptes i helgen. Elon kom och installerade den idag. Vi har en tv\u00e4ttstuga h\u00e4r i hyreshuset, och nu \u00e4r det Ida som sk\u00f6tt tv\u00e4ttandet h\u00e4r hemma, hon \u00e4r arbetsl\u00f6s och gillar att tv\u00e4tta. :D <br><br>Men snart ska hon ut p\u00e5 n\u00e5n aktivitet i AF:s regi, s\u00e5 d\u00e5 blir det b\u00f6kigt med tv\u00e4tten. Jag har INTE lust att tillbringa mina kv\u00e4llar efter jobbet i tv\u00e4ttstugan. S\u00e5 d\u00e5 fick det bli en egen maskin igen.  <\/p>\n\n\n\n<p>Nu blir det snart s\u00e4ngen f\u00f6r mig, klockan \u00e4r 20.30 och min klocka ringer 05.00. D\u00e5 \u00e4r det dags att stiga upp och g\u00e5 till jobbet igen. Idag hade vi f\u00f6r \u00f6vrigt en V\u00c4LDIGT rolig dag p\u00e5 jobbet med mycket skratt, det var t.o,m s\u00e5 att t\u00e5rarna rann (av skratt d\u00e5 allts\u00e5). <\/p>\n\n\n\n<p><\/p>\n","protected":false},"excerpt":{"rendered":"<p>F\u00f6rsta dagen p\u00e5 denna m\u00e5nad. Det \u00e4r \u00e4ven f\u00f6rsta dagen som jag \u00e5ter igen b\u00f6rjar \u00e4ta D-vitamin (\u00e4ter det oktober-mars\/april). Nu i sommar s\u00e5 k\u00f6pte jag ett nytt m\u00e4rke att testa, &#8221;Puori&#8221; heter det. Det \u00e4r Dietdoctor som tipsar om det. N\u00e4r jag k\u00f6pte D-vitaminet s\u00e5 k\u00f6pte jag \u00e4ven magnesiumet som han \u00e4ven tipsar om [&hellip;]<\/p>\n","protected":false},"author":1,"featured_media":0,"comment_status":"open","ping_status":"open","sticky":false,"template":"","format":"standard","meta":{"ngg_post_thumbnail":0},"categories":[6],"tags":[],"_links":{"self":[{"href":"https:\/\/ulliso.se\/blog\/index.php?rest_route=\/wp\/v2\/posts\/6650"}],"collection":[{"href":"https:\/\/ulliso.se\/blog\/index.php?rest_route=\/wp\/v2\/posts"}],"about":[{"href":"https:\/\/ulliso.se\/blog\/index.php?rest_route=\/wp\/v2\/types\/post"}],"author":[{"embeddable":true,"href":"https:\/\/ulliso.se\/blog\/index.php?rest_route=\/wp\/v2\/users\/1"}],"replies":[{"embeddable":true,"href":"https:\/\/ulliso.se\/blog\/index.php?rest_route=%2Fwp%2Fv2%2Fcomments&post=6650"}],"version-history":[{"count":1,"href":"https:\/\/ulliso.se\/blog\/index.php?rest_route=\/wp\/v2\/posts\/6650\/revisions"}],"predecessor-version":[{"id":6651,"href":"https:\/\/ulliso.se\/blog\/index.php?rest_route=\/wp\/v2\/posts\/6650\/revisions\/6651"}],"wp:attachment":[{"href":"https:\/\/ulliso.se\/blog\/index.php?rest_route=%2Fwp%2Fv2%2Fmedia&parent=6650"}],"wp:term":[{"taxonomy":"category","embeddable":true,"href":"https:\/\/ulliso.se\/blog\/index.php?rest_route=%2Fwp%2Fv2%2Fcategories&post=6650"},{"taxonomy":"post_tag","embeddable":true,"href":"https:\/\/ulliso.se\/blog\/index.php?rest_route=%2Fwp%2Fv2%2Ftags&post=6650"}],"curies":[{"name":"wp","href":"https:\/\/api.w.org\/{rel}","templated":true}]}}