{"id":6653,"date":"2019-11-08T22:00:09","date_gmt":"2019-11-08T21:00:09","guid":{"rendered":"http:\/\/ulliso.se\/blog\/?p=6653"},"modified":"2019-11-08T22:00:09","modified_gmt":"2019-11-08T21:00:09","slug":"november","status":"publish","type":"post","link":"https:\/\/ulliso.se\/blog\/?p=6653","title":{"rendered":"November"},"content":{"rendered":"\n<p>Jaha, d\u00e5 har det redan g\u00e5tt \u00f6ver en m\u00e5nad sen jag skrev n\u00e5t sist. Hade ju t\u00e4nkt skriva oftare, men men&#8230;<br><br>Vad har d\u00e5 h\u00e4nt p\u00e5 denna m\u00e5naden? Jo, bl.a. detta: <br><br> Vi har satt p\u00e5 dubbd\u00e4cken p\u00e5 bilen. Eftersom jag pendlar 6 mil ToR varje vardag s\u00e5 \u00e4r det ett m\u00e5ste med dubbat nu. Det har inte varit s\u00e5 m\u00e5nga kalla morgnar \u00e4n s\u00e5 l\u00e4nge, men jag vill inte blir \u00f6verraskad. <\/p>\n\n\n\n<p>Min systerdotterson Frank har haft 1-\u00e5rskalas f\u00f6rra helgen, s\u00e5 d\u00e5 var vi d\u00e4r och grattade honom. <\/p>\n\n\n\n<figure class=\"wp-block-image\"><img loading=\"lazy\" width=\"521\" height=\"1024\" src=\"https:\/\/ulliso.se\/blog\/wp-content\/uploads\/2019\/11\/IMG_4251-521x1024.jpg\" alt=\"\" class=\"wp-image-6654\" srcset=\"https:\/\/ulliso.se\/blog\/wp-content\/uploads\/2019\/11\/IMG_4251-521x1024.jpg 521w, https:\/\/ulliso.se\/blog\/wp-content\/uploads\/2019\/11\/IMG_4251-153x300.jpg 153w, https:\/\/ulliso.se\/blog\/wp-content\/uploads\/2019\/11\/IMG_4251-768x1510.jpg 768w, https:\/\/ulliso.se\/blog\/wp-content\/uploads\/2019\/11\/IMG_4251.jpg 1604w\" sizes=\"(max-width: 521px) 100vw, 521px\" \/><figcaption>Franks t\u00e5rta<\/figcaption><\/figure>\n\n\n\n<p>Ida har fyllt 22 \u00e5r. Imorgon eftermiddag ska vi ha ett litet kalas f\u00f6r henne. Hon har best\u00e4llt sm\u00f6rg\u00e5st\u00e5rta och prinsesst\u00e5rta, s\u00e5 det ska det bli.<\/p>\n\n\n\n<p>Imorgon f\u00f6rmiddag s\u00e5 ska vi \u00e5ka och kolla in ett naturbruksgymnasium h\u00e4r i n\u00e4rheten. Emmy ska ju v\u00e4lja till gymnasiet om 1 \u00e5r. F\u00f6r ca 1 m\u00e5nad sen var vi och bes\u00f6kte Ingelstads Naturbruksgymnasium (det ligger i Sm\u00e5land) n\u00e4r dom hade \u00f6ppet hus. Men det var inget f\u00f6r Emmy. <\/p>\n\n\n\n<p>P\u00e5 s\u00f6ndag s\u00e5 ska jag och Emmy yoga p\u00e5 gymmet. Kanske k\u00f6r jag \u00e4ven ett eller tv\u00e5 varv p\u00e5 <a href=\"https:\/\/www.youtube.com\/watch?v=rleGRm6Nvi0&amp;feature=youtu.be\">Milon<\/a> ocks\u00e5. <\/p>\n","protected":false},"excerpt":{"rendered":"<p>Jaha, d\u00e5 har det redan g\u00e5tt \u00f6ver en m\u00e5nad sen jag skrev n\u00e5t sist. Hade ju t\u00e4nkt skriva oftare, men men&#8230; Vad har d\u00e5 h\u00e4nt p\u00e5 denna m\u00e5naden? Jo, bl.a. detta: Vi har satt p\u00e5 dubbd\u00e4cken p\u00e5 bilen. Eftersom jag pendlar 6 mil ToR varje vardag s\u00e5 \u00e4r det ett m\u00e5ste med dubbat nu. Det [&hellip;]<\/p>\n","protected":false},"author":1,"featured_media":0,"comment_status":"open","ping_status":"open","sticky":false,"template":"","format":"standard","meta":{"ngg_post_thumbnail":0},"categories":[6],"tags":[],"_links":{"self":[{"href":"https:\/\/ulliso.se\/blog\/index.php?rest_route=\/wp\/v2\/posts\/6653"}],"collection":[{"href":"https:\/\/ulliso.se\/blog\/index.php?rest_route=\/wp\/v2\/posts"}],"about":[{"href":"https:\/\/ulliso.se\/blog\/index.php?rest_route=\/wp\/v2\/types\/post"}],"author":[{"embeddable":true,"href":"https:\/\/ulliso.se\/blog\/index.php?rest_route=\/wp\/v2\/users\/1"}],"replies":[{"embeddable":true,"href":"https:\/\/ulliso.se\/blog\/index.php?rest_route=%2Fwp%2Fv2%2Fcomments&post=6653"}],"version-history":[{"count":2,"href":"https:\/\/ulliso.se\/blog\/index.php?rest_route=\/wp\/v2\/posts\/6653\/revisions"}],"predecessor-version":[{"id":6657,"href":"https:\/\/ulliso.se\/blog\/index.php?rest_route=\/wp\/v2\/posts\/6653\/revisions\/6657"}],"wp:attachment":[{"href":"https:\/\/ulliso.se\/blog\/index.php?rest_route=%2Fwp%2Fv2%2Fmedia&parent=6653"}],"wp:term":[{"taxonomy":"category","embeddable":true,"href":"https:\/\/ulliso.se\/blog\/index.php?rest_route=%2Fwp%2Fv2%2Fcategories&post=6653"},{"taxonomy":"post_tag","embeddable":true,"href":"https:\/\/ulliso.se\/blog\/index.php?rest_route=%2Fwp%2Fv2%2Ftags&post=6653"}],"curies":[{"name":"wp","href":"https:\/\/api.w.org\/{rel}","templated":true}]}}