{"id":666,"date":"2010-01-16T19:17:57","date_gmt":"2010-01-16T18:17:57","guid":{"rendered":"http:\/\/ulliso.se\/blog\/?p=666"},"modified":"2010-01-16T19:28:09","modified_gmt":"2010-01-16T18:28:09","slug":"lordagssvammel","status":"publish","type":"post","link":"https:\/\/ulliso.se\/blog\/?p=666","title":{"rendered":"L\u00f6rdagssvammel"},"content":{"rendered":"<p>Jag vaknade vid 11 ungef\u00e4r, men l\u00e5g och slumrade en bra stund till. Efter kl. 13 n\u00e5ng\u00e5ng s\u00e5 vaknade jag av ett sms fr\u00e5n Jonas, s\u00e5 d\u00e5 k\u00e4ndes det dags att kliva upp.<\/p>\n<p>Jag drog p\u00e5 mig tr\u00e4ningskl\u00e4derna (4 lager p\u00e5 \u00f6verkroppen, jag vill ju inte motionera i min vinterjacka) och gick ut p\u00e5 en 45 minuters rask promenad. Nu ska jag ha bort 6 kilo till att b\u00f6rja med (men vill ha bort 11 kg totalt). N\u00e4r jag g\u00e5tt ner 6 kilo s\u00e5 hamnar mitt BMI p\u00e5 25 (har 27 nu). Jag ska ha v\u00e4gdag p\u00e5 fredagarna.<\/p>\n<p>Har d\u00e4rf\u00f6r lagt till en ny kategori, &#8221;Vikt&#8221;, h\u00e4r i bloggen. Inbillar mig att det kan sporra mig om jag bloggar om det d\u00e5 och d\u00e5. ;)<\/p>\n<p>Sen duschade jag och \u00e5kte bussen ner till Ica Maxi d\u00e4r jag bl.a. handlade ingredienser till tzatziki. Jag m\u00e5r s\u00e5 illa varje g\u00e5ng jag \u00e5ker buss, eftersom det alltid luktar s\u00e5 illa d\u00e4r. :(<\/p>\n<p>N\u00e4r jag kom hem s\u00e5 gjorde jag baconlindad kycklingfile och hade tzatziki till det. Ikv\u00e4ll ska jag dricka n\u00e5gra \u00f6l.<\/p>\n<p><a href=\"https:\/\/ulliso.se\/blog\/wp-content\/uploads\/2010\/01\/kyck.jpg\"><img loading=\"lazy\" class=\"alignnone size-medium wp-image-667\" src=\"https:\/\/ulliso.se\/blog\/wp-content\/uploads\/2010\/01\/kyck-262x300.jpg\" alt=\"\" width=\"262\" height=\"300\" srcset=\"https:\/\/ulliso.se\/blog\/wp-content\/uploads\/2010\/01\/kyck-262x300.jpg 262w, https:\/\/ulliso.se\/blog\/wp-content\/uploads\/2010\/01\/kyck.jpg 800w\" sizes=\"(max-width: 262px) 100vw, 262px\" \/><\/a><\/p>\n<p>Imorron ska jag tv\u00e4tta i tv\u00e4ttstugan. :( Ska \u00e4ven forts\u00e4tta min p\u00e5b\u00f6rjade utrensing av saker h\u00e4r hemma (<em>inf\u00f6r det som komma ska ;)<\/em> ) och f\u00f6rs\u00f6ka f\u00e5 bort en del till &#8221;Guldhamstern&#8221;. De tar emot saker man inte vill ha och s\u00e4ljer det vidare. Alla pengar de f\u00e5r in g\u00e5r till Barncancerfonden. K\u00e4nns sk\u00f6nt att g\u00f6ra en v\u00e4lg\u00e4rning, samtidigt som jag blir av med saker som jag inte l\u00e4ngre vill ha.<\/p>\n","protected":false},"excerpt":{"rendered":"<p>Jag vaknade vid 11 ungef\u00e4r, men l\u00e5g och slumrade en bra stund till. Efter kl. 13 n\u00e5ng\u00e5ng s\u00e5 vaknade jag av ett sms fr\u00e5n Jonas, s\u00e5 d\u00e5 k\u00e4ndes det dags att kliva upp. Jag drog p\u00e5 mig tr\u00e4ningskl\u00e4derna (4 lager p\u00e5 \u00f6verkroppen, jag vill ju inte motionera i min vinterjacka) och gick ut p\u00e5 en [&hellip;]<\/p>\n","protected":false},"author":1,"featured_media":0,"comment_status":"open","ping_status":"open","sticky":false,"template":"","format":"standard","meta":{"ngg_post_thumbnail":0},"categories":[18,6],"tags":[],"_links":{"self":[{"href":"https:\/\/ulliso.se\/blog\/index.php?rest_route=\/wp\/v2\/posts\/666"}],"collection":[{"href":"https:\/\/ulliso.se\/blog\/index.php?rest_route=\/wp\/v2\/posts"}],"about":[{"href":"https:\/\/ulliso.se\/blog\/index.php?rest_route=\/wp\/v2\/types\/post"}],"author":[{"embeddable":true,"href":"https:\/\/ulliso.se\/blog\/index.php?rest_route=\/wp\/v2\/users\/1"}],"replies":[{"embeddable":true,"href":"https:\/\/ulliso.se\/blog\/index.php?rest_route=%2Fwp%2Fv2%2Fcomments&post=666"}],"version-history":[{"count":7,"href":"https:\/\/ulliso.se\/blog\/index.php?rest_route=\/wp\/v2\/posts\/666\/revisions"}],"predecessor-version":[{"id":674,"href":"https:\/\/ulliso.se\/blog\/index.php?rest_route=\/wp\/v2\/posts\/666\/revisions\/674"}],"wp:attachment":[{"href":"https:\/\/ulliso.se\/blog\/index.php?rest_route=%2Fwp%2Fv2%2Fmedia&parent=666"}],"wp:term":[{"taxonomy":"category","embeddable":true,"href":"https:\/\/ulliso.se\/blog\/index.php?rest_route=%2Fwp%2Fv2%2Fcategories&post=666"},{"taxonomy":"post_tag","embeddable":true,"href":"https:\/\/ulliso.se\/blog\/index.php?rest_route=%2Fwp%2Fv2%2Ftags&post=666"}],"curies":[{"name":"wp","href":"https:\/\/api.w.org\/{rel}","templated":true}]}}