{"id":6669,"date":"2021-08-16T22:48:20","date_gmt":"2021-08-16T20:48:20","guid":{"rendered":"http:\/\/ulliso.se\/blog\/?p=6669"},"modified":"2021-08-16T22:48:20","modified_gmt":"2021-08-16T20:48:20","slug":"mandag-17","status":"publish","type":"post","link":"https:\/\/ulliso.se\/blog\/?p=6669","title":{"rendered":"M\u00e5ndag"},"content":{"rendered":"\n<p>Idag har jag inte legat i som jag brukar. :D Hade best\u00e4mt att ta det lite lugnt idag. <\/p>\n\n\n\n<p>Vi var bara iv\u00e4g till Djurmagneten med Emmys kanin Herman. Han hade lite vassa klor, s\u00e5 han fick ta bort lite. Han \u00e4r 3 m\u00e5nader nu. <\/p>\n\n\n\n<p>Sen satt jag h\u00e4r hemma och la \u00f6ver en massa gammalt som jag haft p\u00e5 ett antal usb-minnen. La \u00f6ver det till min nya, externa h\u00e5rddisk p\u00e5 1Tb som jag k\u00f6pte i f\u00f6rra veckan. Ska forts\u00e4tta att l\u00e4gga \u00f6ver lite annat d\u00e4r ocks\u00e5 senare. Har en del att g\u00f6ra nu de kommande dagarna. \u00c5terkommer nog om det i senare inl\u00e4gg. <\/p>\n\n\n\n<p>Kl. 17 var vi bjudna p\u00e5 middag hemma hos Jonas f\u00f6r\u00e4ldrar. Det \u00e4r alltid lika trevlig. Idag var det extra trevligt eftersom Jonas bror Micke \u00e4r h\u00e4r &#8221;hemma&#8221; med sin sambo Micke. Dom bor annars i Stockholm d\u00e4r de har en kl\u00e4daff\u00e4r. S\u00e5 dom var ocks\u00e5 d\u00e4r, plus Jonas syster Anna med maken Bj\u00f6rn. Deras barn var upptagna med annat idag, s\u00e5 dom kom inte.<\/p>\n\n\n\n<p>Vi fick kyckling med ris och currys\u00e5s. J\u00e4ttegott! Sk\u00f6nt att slippa laga mat ocks\u00e5. <\/p>\n\n\n\n<p>V\u00e4l hemma igen s\u00e5 s\u00e5g jag och Jonas p\u00e5 Emil Hansius senaste <a rel=\"noreferrer noopener\" href=\"https:\/\/www.youtube.com\/channel\/UCegpk2mYI9JRiVP8GYhrvjQ\" data-type=\"URL\" data-id=\"https:\/\/www.youtube.com\/channel\/UCegpk2mYI9JRiVP8GYhrvjQ\" target=\"_blank\">YouTube-video<\/a>. Som vanligt s\u00e5 f\u00e5r vi skratta mycket. :D <\/p>\n\n\n\n<p>Imorgon ska jag veckohandla tillsammans med alla pension\u00e4rer p\u00e5 Coop. Kanske \u00e5ka och l\u00e4mna lite skr\u00e4p p\u00e5 Bredviksberget. Det \u00e4r Emmys sista sommarlovsdag dessutom. P\u00e5 onsdag b\u00f6rjar hon f\u00f6rsta \u00e5ret p\u00e5 gymnasiet. Sp\u00e4nnande!<\/p>\n\n\n\n<p>Nu ska jag g\u00e5 och h\u00e4nga tv\u00e4tt, sen ska jag och katten g\u00e5 och l\u00e4gga oss. Jonas brukar ansluta en stund efter oss. Katten brukar g\u00e5 ut i vardagsrummet och tjata p\u00e5 honom att han ocks\u00e5 ska komma.<\/p>\n","protected":false},"excerpt":{"rendered":"<p>Idag har jag inte legat i som jag brukar. :D Hade best\u00e4mt att ta det lite lugnt idag. Vi var bara iv\u00e4g till Djurmagneten med Emmys kanin Herman. Han hade lite vassa klor, s\u00e5 han fick ta bort lite. Han \u00e4r 3 m\u00e5nader nu. Sen satt jag h\u00e4r hemma och la \u00f6ver en massa gammalt [&hellip;]<\/p>\n","protected":false},"author":1,"featured_media":0,"comment_status":"open","ping_status":"open","sticky":false,"template":"","format":"standard","meta":{"ngg_post_thumbnail":0},"categories":[6],"tags":[],"_links":{"self":[{"href":"https:\/\/ulliso.se\/blog\/index.php?rest_route=\/wp\/v2\/posts\/6669"}],"collection":[{"href":"https:\/\/ulliso.se\/blog\/index.php?rest_route=\/wp\/v2\/posts"}],"about":[{"href":"https:\/\/ulliso.se\/blog\/index.php?rest_route=\/wp\/v2\/types\/post"}],"author":[{"embeddable":true,"href":"https:\/\/ulliso.se\/blog\/index.php?rest_route=\/wp\/v2\/users\/1"}],"replies":[{"embeddable":true,"href":"https:\/\/ulliso.se\/blog\/index.php?rest_route=%2Fwp%2Fv2%2Fcomments&post=6669"}],"version-history":[{"count":1,"href":"https:\/\/ulliso.se\/blog\/index.php?rest_route=\/wp\/v2\/posts\/6669\/revisions"}],"predecessor-version":[{"id":6670,"href":"https:\/\/ulliso.se\/blog\/index.php?rest_route=\/wp\/v2\/posts\/6669\/revisions\/6670"}],"wp:attachment":[{"href":"https:\/\/ulliso.se\/blog\/index.php?rest_route=%2Fwp%2Fv2%2Fmedia&parent=6669"}],"wp:term":[{"taxonomy":"category","embeddable":true,"href":"https:\/\/ulliso.se\/blog\/index.php?rest_route=%2Fwp%2Fv2%2Fcategories&post=6669"},{"taxonomy":"post_tag","embeddable":true,"href":"https:\/\/ulliso.se\/blog\/index.php?rest_route=%2Fwp%2Fv2%2Ftags&post=6669"}],"curies":[{"name":"wp","href":"https:\/\/api.w.org\/{rel}","templated":true}]}}