{"id":6713,"date":"2021-12-27T22:49:09","date_gmt":"2021-12-27T21:49:09","guid":{"rendered":"https:\/\/ulliso.se\/blog\/?p=6713"},"modified":"2021-12-27T22:58:25","modified_gmt":"2021-12-27T21:58:25","slug":"27-december-2021","status":"publish","type":"post","link":"https:\/\/ulliso.se\/blog\/?p=6713","title":{"rendered":"27 december 2021"},"content":{"rendered":"\n<p>Nu \u00e4r d\u00e5 julhelgen \u00f6ver. Jag skulle ha jobbat p\u00e5 julafton mellan kl. 7-15, men blev inte s\u00e5. Lite synd, f\u00f6r jag gillar att jobba dag p\u00e5 julafton. Det \u00e4r mysigt. :) <\/p>\n\n\n\n<p>Anledningen till att jag inte kunde jobba \u00e4r att jag varit hemma sjuk fr\u00e5n jobbet sedan den 20:e. \u00c4r fortfarande inte frisk, s\u00e5 idag fick jag ringa min h\u00e4lsocentral och be dom skriva ett sjukintyg. S\u00e5 nu \u00e4r jag sjukskriven i n\u00e5gra dagar till. <\/p>\n\n\n\n<p>Jonas b\u00f6rjade bli f\u00f6rkyld den 15:e, sen smittade han ner mig och sonen. Men \u00e4ven p\u00e5 jobbet har jag h\u00f6rt att det varit m\u00e5nga av mina arbetskamrater som \u00e4r\/har varit sjuka, s\u00e5 det \u00e4r mycket som g\u00e5r nu. <\/p>\n\n\n\n<p>F\u00f6r att byta \u00e4mne s\u00e5 har vi nu h\u00e4mtat hem v\u00e5r nya familjemedlem. Hon heter Bon och \u00e4r snart 13 veckor. Det \u00e4r en liten kattunge. <\/p>\n\n\n\n<figure class=\"wp-block-image size-full\"><a href=\"https:\/\/ulliso.se\/blog\/wp-content\/uploads\/2021\/12\/IMG_2385a-2.jpeg\"><img loading=\"lazy\" width=\"500\" height=\"505\" src=\"https:\/\/ulliso.se\/blog\/wp-content\/uploads\/2021\/12\/IMG_2385a-2.jpeg\" alt=\"\" class=\"wp-image-6720\" srcset=\"https:\/\/ulliso.se\/blog\/wp-content\/uploads\/2021\/12\/IMG_2385a-2.jpeg 500w, https:\/\/ulliso.se\/blog\/wp-content\/uploads\/2021\/12\/IMG_2385a-2-297x300.jpeg 297w\" sizes=\"(max-width: 500px) 100vw, 500px\" \/><\/a><\/figure>\n","protected":false},"excerpt":{"rendered":"<p>Nu \u00e4r d\u00e5 julhelgen \u00f6ver. Jag skulle ha jobbat p\u00e5 julafton mellan kl. 7-15, men blev inte s\u00e5. Lite synd, f\u00f6r jag gillar att jobba dag p\u00e5 julafton. Det \u00e4r mysigt. :) Anledningen till att jag inte kunde jobba \u00e4r att jag varit hemma sjuk fr\u00e5n jobbet sedan den 20:e. \u00c4r fortfarande inte frisk, s\u00e5 [&hellip;]<\/p>\n","protected":false},"author":1,"featured_media":0,"comment_status":"open","ping_status":"open","sticky":false,"template":"","format":"standard","meta":{"ngg_post_thumbnail":0},"categories":[6],"tags":[],"_links":{"self":[{"href":"https:\/\/ulliso.se\/blog\/index.php?rest_route=\/wp\/v2\/posts\/6713"}],"collection":[{"href":"https:\/\/ulliso.se\/blog\/index.php?rest_route=\/wp\/v2\/posts"}],"about":[{"href":"https:\/\/ulliso.se\/blog\/index.php?rest_route=\/wp\/v2\/types\/post"}],"author":[{"embeddable":true,"href":"https:\/\/ulliso.se\/blog\/index.php?rest_route=\/wp\/v2\/users\/1"}],"replies":[{"embeddable":true,"href":"https:\/\/ulliso.se\/blog\/index.php?rest_route=%2Fwp%2Fv2%2Fcomments&post=6713"}],"version-history":[{"count":3,"href":"https:\/\/ulliso.se\/blog\/index.php?rest_route=\/wp\/v2\/posts\/6713\/revisions"}],"predecessor-version":[{"id":6721,"href":"https:\/\/ulliso.se\/blog\/index.php?rest_route=\/wp\/v2\/posts\/6713\/revisions\/6721"}],"wp:attachment":[{"href":"https:\/\/ulliso.se\/blog\/index.php?rest_route=%2Fwp%2Fv2%2Fmedia&parent=6713"}],"wp:term":[{"taxonomy":"category","embeddable":true,"href":"https:\/\/ulliso.se\/blog\/index.php?rest_route=%2Fwp%2Fv2%2Fcategories&post=6713"},{"taxonomy":"post_tag","embeddable":true,"href":"https:\/\/ulliso.se\/blog\/index.php?rest_route=%2Fwp%2Fv2%2Ftags&post=6713"}],"curies":[{"name":"wp","href":"https:\/\/api.w.org\/{rel}","templated":true}]}}