{"id":6732,"date":"2022-02-21T22:21:20","date_gmt":"2022-02-21T21:21:20","guid":{"rendered":"https:\/\/ulliso.se\/blog\/?p=6732"},"modified":"2022-02-21T22:21:20","modified_gmt":"2022-02-21T21:21:20","slug":"mandagslistan","status":"publish","type":"post","link":"https:\/\/ulliso.se\/blog\/?p=6732","title":{"rendered":"M\u00e5ndagslistan"},"content":{"rendered":"\n<p>Hittade denna lista hos <a href=\"https:\/\/pixelie.webblogg.se\/\" target=\"_blank\" rel=\"noreferrer noopener\">Erica<\/a>. <\/p>\n\n\n\n<p><\/p>\n\n\n\n<p><strong>Hur gammal \u00e4r du om fem \u00e5r?<\/strong><\/p>\n\n\n\n<p>D\u00e5 \u00e4r jag 53 (!!!!) \u00e5r. <\/p>\n\n\n\n<p><strong>Vem var den senaste du tr\u00e4ffade?<\/strong><\/p>\n\n\n\n<p>Min familj. <\/p>\n\n\n\n<p><\/p>\n\n\n\n<p><strong>Hur l\u00e5ng \u00e4r du?<\/strong><\/p>\n\n\n\n<p>153 cm. Har krympt en centimeter. <\/p>\n\n\n\n<p><\/p>\n\n\n\n<p><strong>Vilken var den senaste filmen du s\u00e5g?<\/strong><\/p>\n\n\n\n<p>Minns inte. Har inte haft n\u00e5got filmsug nu den senaste tiden, tyv\u00e4rr. <\/p>\n\n\n\n<p><strong>Vem ringde du senast?<\/strong><\/p>\n\n\n\n<p>Oj, det vet jag inte. Kanske sonen f\u00f6r att be om b\u00e4rhj\u00e4lp med handlingsp\u00e5sarna fr\u00e5n bilen nere i garaget och upp till l\u00e4genheten. <\/p>\n\n\n\n<p>\u00a0<strong>Hur l\u00f6d ditt senaste SMS och till vem?<\/strong><\/p>\n\n\n\n<p>&#8221;Jonas ska ha bilen&#8221;. Skrev till min \u00e4ldsta dotter. <\/p>\n\n\n\n<p><strong>Vad \u00e4r (kommande) veckans planer?<\/strong><\/p>\n\n\n\n<p>VILA! <\/p>\n\n\n\n<p><strong>F\u00f6redrar du att ringa eller skicka sms?<\/strong><\/p>\n\n\n\n<p>Sms f\u00f6re att ringa. Men helst vill jag maila! <\/p>\n\n\n\n<p><strong>\u00c4r dina f\u00f6r\u00e4ldrar gifta, sambos eller skilda?<\/strong><\/p>\n\n\n\n<p>Gifta.\u00a0Dom gifte sig 1975, n\u00e4r jag var tv\u00e5 \u00e5r. S\u00e5 dom har varit gifta i 47 \u00e5r i \u00e5r!<\/p>\n\n\n\n<p><strong>N\u00e4r tr\u00e4ffade du senast din mamma?<\/strong><\/p>\n\n\n\n<p>Oj, det var i maj f\u00f6rra \u00e5ret, p\u00e5 min farmors urns\u00e4ttning. Hoppas mamma &amp; pappa snart kommer hit upp och h\u00e4lsar p\u00e5. <\/p>\n\n\n\n<p><strong>Vilken \u00f6gonf\u00e4rg har du?<\/strong><\/p>\n\n\n\n<p>Bl\u00e5. <\/p>\n\n\n\n<p><strong>N\u00e4r vaknade du idag?<\/strong><\/p>\n\n\n\n<p>Ca 9.00. Men somnade om. <\/p>\n\n\n\n<p><strong>Har du n\u00e5gon g\u00e5ng hittat en katt?<\/strong><\/p>\n\n\n\n<p>Nej.\u00a0<\/p>\n\n\n\n<p><strong>Vilka \u00e4r dina favoritplatser?<\/strong><\/p>\n\n\n\n<p>Hemma, Gl\u00e4ntan (Sand\u00e4ngesstranden), Pitholmsheden. <\/p>\n\n\n\n<p><strong>Vilka platser f\u00f6redrar du minst?<\/strong><\/p>\n\n\n\n<p>Tv\u00e4ttstugan. <\/p>\n\n\n\n<p><strong>Var tror du att du befinner dig om tio \u00e5r?<\/strong><\/p>\n\n\n\n<p>\u00c4r f\u00f6rhoppningsvis fortfarande gift med Jonas d\u00e5. Vi \u00e4r bosatta i en tv\u00e5a h\u00e4r i centrala stan, bara han och jag. (Nu har ju ett av mina barn flyttat ut, s\u00e5 om 10 \u00e5r s\u00e5 \u00e4r garanterat de andra tv\u00e5 ocks\u00e5 utflyttade). F\u00f6rhoppningsvis \u00e4r jag ocks\u00e5 mormor d\u00e5. Hoppas ocks\u00e5 att v\u00e5ra tv\u00e5 katter lever d\u00e5.<\/p>\n\n\n\n<p><strong>Vad skr\u00e4mde dig som barn?<\/strong><\/p>\n\n\n\n<p>\u00c5ska, krig, att n\u00e5gon i min familj skulle d\u00f6.<\/p>\n\n\n\n<p><strong>Vem fick dig att skratta senast?<\/strong><\/p>\n\n\n\n<p>Det var nog n\u00e5t p\u00e5 TikTok. <\/p>\n\n\n\n<p><strong>\u00c4r du f\u00f6r ung f\u00f6r att \u00e4ga vinylskivor?<\/strong><\/p>\n\n\n\n<p>Nej, jag hade en massa LP-skivor. Dom finns fortfarande kvar h\u00e4r i min \u00e4go. Har en skivspelare ocks\u00e5, men lyssnar tyv\u00e4rr alldeles f\u00f6r s\u00e4llan p\u00e5 dom. <\/p>\n\n\n\n<p><strong>Har du station\u00e4r eller b\u00e4rbar dator?<\/strong><\/p>\n\n\n\n<p>B\u00e5de och. Har nyligt k\u00f6p en begagnad iMac fr\u00e5n mResell, s\u00e5 nu sitter jag aldrig med laptopen (en pc, <em>avskydde<\/em> den). Har nu rensat allt p\u00e5 den och flyttat det hit till mac:en. Har t\u00e4nkt s\u00e4lja laptopen snart. Har \u00e4ven en iPad Air 3, \u00e4ven den k\u00f6pt begagnad p\u00e5 mResell. mResell och Apple \u00e4ger. :p <\/p>\n\n\n\n<p><strong>Sover du med eller utan kl\u00e4der p\u00e5 dig?<\/strong><\/p>\n\n\n\n<p>Utan! Dels \u00e4r jag van vid det, och sen \u00e4r jag i &#8221;tant\u00e5ldern&#8221; nu, och f\u00e5r d\u00e5 svettattacker ibland och m\u00e5ste d\u00e5 kasta av mig t\u00e4cket. <\/p>\n\n\n\n<p><strong>Hur m\u00e5nga kuddar har du i s\u00e4ngen?<\/strong><\/p>\n\n\n\n<p>En tempurkudde. Ett m\u00e5ste f\u00f6r min dumma nacke som g\u00f6r ont annars. <\/p>\n\n\n\n<p><strong>Hur m\u00e5nga landskap har du bott i?<\/strong><\/p>\n\n\n\n<p>2. Blekinge och Norrbotten. \u00a0<\/p>\n\n\n\n<p><strong>Har du n\u00e5gon g\u00e5ng spytt p\u00e5 fyllan?<\/strong><\/p>\n\n\n\n<p>Ja, tyv\u00e4rr. 1 g\u00e5ng. <\/p>\n\n\n\n<p><strong>F\u00f6redrar du skor, strumpor eller barfota?<\/strong><\/p>\n\n\n\n<p>Strumpor inomhus, skor utomhus och p\u00e5 jobbet.<\/p>\n\n\n\n<p><strong>\u00c4r du social?<\/strong><\/p>\n\n\n\n<p>Beror p\u00e5 sammanhanget. Pratar ju p\u00e5 arbetet, mm. Men trivs b\u00e4st att bara vara med familjen d\u00e4r jag kan vara mig sj\u00e4lv.<\/p>\n\n\n\n<p><strong>Vilken \u00e4r din favoritglass?<\/strong><\/p>\n\n\n\n<p>Nogger. <\/p>\n\n\n\n<p><strong>Tycker du om kaffe?<\/strong> <\/p>\n\n\n\n<p>Ja\u00a0<\/p>\n\n\n\n<p><strong>Vad dricker du till frukost?<\/strong><\/p>\n\n\n\n<p>Kaffe, vatten eller juice. <\/p>\n\n\n\n<p><strong>Sover du p\u00e5 n\u00e5gon s\u00e4rskild sida?<\/strong><\/p>\n\n\n\n<p>F\u00f6redrar att ligga p\u00e5 h\u00f6ger sida. <\/p>\n\n\n\n<p><strong>Kan du spela poker?<\/strong><\/p>\n\n\n\n<p>Nej. Kan spela &#8221;<em>Finns i sj\u00f6n<\/em>&#8221;. :-D Spelat det mycket med barnen. Jag och barnens pappa spelade mycket kort n\u00e4r vi tr\u00e4ffades f\u00f6r 30 \u00e5r sen. Tror vi spelade <em>Bluffstopp <\/em>och <em>Hej Knekt<\/em>. Men jag har gl\u00f6mt hur man spelar dessa. Men jag har &#8221;Harpan&#8221; p\u00e5 iPaden, det \u00e4r kul att spela. <\/p>\n\n\n\n<p><strong>Tycker du om att mysa?<\/strong><\/p>\n\n\n\n<p>Japp. Gillar levande ljus, osv. Gillar att g\u00e5 p\u00e5 mysiga restauranger, bo p\u00e5 hotell. <\/p>\n\n\n\n<p><strong>K\u00e4nner du n\u00e5gon som har samma f\u00f6delsedag som du?<\/strong><\/p>\n\n\n\n<p>Ja, 2 n\u00e4tv\u00e4nner samt min ena kusin. <\/p>\n\n\n\n<p><strong>Kan du n\u00e5gra andra spr\u00e5k \u00e4n svenska?<\/strong><\/p>\n\n\n\n<p>Engelska och tyska. <\/p>\n\n\n\n<p><strong>Har du n\u00e5gonsin \u00e5kt ambulans?<\/strong><\/p>\n\n\n\n<p>Nej. <\/p>\n\n\n\n<p><strong>F\u00f6redrar du havet eller en pool?<\/strong><\/p>\n\n\n\n<p>Havet! Jag \u00e4lskar havet! Skulle aldrig kunna bo i inlandet och vara utan havet. <\/p>\n\n\n\n<p><strong>Vad spenderar du helst pengar p\u00e5?<\/strong><\/p>\n\n\n\n<p>F\u00f6rs\u00f6ker att inte shoppa s\u00e5 mycket nu eftersom jag ska bygga p\u00e5 min buffert och p\u00e5 mina fonder. :D Men jag gillar att k\u00f6pa schampoo, balsam, duschcremer, pennor, Muminmuggar, vissa retroprylar (tex glasprydnader, tallrikar, mm).  <\/p>\n\n\n\n<p><strong>Har du n\u00e5gon g\u00e5ng testat att r\u00f6ka?<\/strong><\/p>\n\n\n\n<p>Blev <em>TVINGAD<\/em> att ta ett bloss p\u00e5 en cigarett av en sk. kompis n\u00e4r jag var 6-8 \u00e5r. Hon hotade med att det skulle bli krig om jag inte gjorde det, och som jag skrev h\u00e4r ovan s\u00e5 var det en av mina st\u00f6rsta r\u00e4dslor n\u00e4r jag var barn, och det visste hon s\u00e5klart. Men efter det s\u00e5 har jag ALDRIG ens t\u00e4nkt tanken att prova. <\/p>\n\n\n\n<p><strong>Vad var det senaste du stoppade i munnen?<\/strong><\/p>\n\n\n\n<p>Cashewn\u00f6tter. <\/p>\n\n\n\n<p><strong>Vem \u00e4r den roligaste m\u00e4nniskan du k\u00e4nner?<\/strong><\/p>\n\n\n\n<p>Ingen aning?<\/p>\n\n\n\n<p><strong>V\u00e4lj ett \u00e4rr p\u00e5 din kropp?<\/strong><\/p>\n\n\n\n<p>Har 2 \u00e4rr efter 2 st borttagna f\u00f6delsem\u00e4rken, samt ett \u00e4rr efter mina 3 kejsarsnitt. <\/p>\n\n\n\n<p><strong>Var togs din profilbild f\u00f6r din blogg?<\/strong><\/p>\n\n\n\n<p>Har ingen bild h\u00e4r.<\/p>\n\n\n\n<p><strong>Kan du byta olja p\u00e5 bilen?<\/strong><\/p>\n\n\n\n<p>Nej, det \u00e4r s\u00e5nt man lejer bort. :D <\/p>\n\n\n\n<p><strong>Vilken var den senaste boken du l\u00e4ste?<\/strong><\/p>\n\n\n\n<p>Jag lyssnade p\u00e5 &#8221;<a href=\"https:\/\/www.gothiakompetens.se\/bocker-psykologi-psykiatri\/man-dor-inte-av-stress-p77410645\" target=\"_blank\" rel=\"noreferrer noopener\">Man d\u00f6r inte att stress, man slutar bara leva<\/a>&#8221; p\u00e5 Nextory. <\/p>\n\n\n\n<p><\/p>\n\n\n\n<p><strong>L\u00e4ser du dagstidningen?<\/strong><\/p>\n\n\n\n<p>Ja. Vi har Pite\u00e5tidningen p\u00e5 webben. S\u00e5 jag l\u00e4ser den i datorn\/paddan\/mobilen. <\/p>\n\n\n\n<p><strong>Prenumererar du p\u00e5 n\u00e5gon veckotidning?<\/strong><\/p>\n\n\n\n<p>Nej. Hinner \u00e4nd\u00e5 aldrig l\u00e4sa den. Har en tidning h\u00e4r p\u00e5 k\u00f6ksbordet som jag k\u00f6pte f\u00f6r flera veckor sen, men som jag fortfarande inte l\u00e4st. <\/p>\n\n\n\n<p><strong>N\u00e4r var du i kyrkan senast?<\/strong><\/p>\n\n\n\n<p><em>I kyrkan:<\/em> Gabriels (min brorson) dop i augusti 2019, i Malm\u00f6. <br><em>I ett kapell:<\/em> p\u00e5 min \u00e4lskade farmors begravning i februari 2021, i Karlshamn. S\u00e5 ledsamt och hemskt. :( :( <\/p>\n\n\n\n<p><strong>\u00c4r du troende?<\/strong><\/p>\n\n\n\n<p>Nej, jag \u00e4r ateist. <\/p>\n","protected":false},"excerpt":{"rendered":"<p>Hittade denna lista hos Erica. Hur gammal \u00e4r du om fem \u00e5r? D\u00e5 \u00e4r jag 53 (!!!!) \u00e5r. Vem var den senaste du tr\u00e4ffade? Min familj. Hur l\u00e5ng \u00e4r du? 153 cm. Har krympt en centimeter. Vilken var den senaste filmen du s\u00e5g? Minns inte. Har inte haft n\u00e5got filmsug nu den senaste tiden, tyv\u00e4rr. [&hellip;]<\/p>\n","protected":false},"author":1,"featured_media":0,"comment_status":"open","ping_status":"open","sticky":false,"template":"","format":"standard","meta":{"ngg_post_thumbnail":0},"categories":[6],"tags":[],"_links":{"self":[{"href":"https:\/\/ulliso.se\/blog\/index.php?rest_route=\/wp\/v2\/posts\/6732"}],"collection":[{"href":"https:\/\/ulliso.se\/blog\/index.php?rest_route=\/wp\/v2\/posts"}],"about":[{"href":"https:\/\/ulliso.se\/blog\/index.php?rest_route=\/wp\/v2\/types\/post"}],"author":[{"embeddable":true,"href":"https:\/\/ulliso.se\/blog\/index.php?rest_route=\/wp\/v2\/users\/1"}],"replies":[{"embeddable":true,"href":"https:\/\/ulliso.se\/blog\/index.php?rest_route=%2Fwp%2Fv2%2Fcomments&post=6732"}],"version-history":[{"count":1,"href":"https:\/\/ulliso.se\/blog\/index.php?rest_route=\/wp\/v2\/posts\/6732\/revisions"}],"predecessor-version":[{"id":6733,"href":"https:\/\/ulliso.se\/blog\/index.php?rest_route=\/wp\/v2\/posts\/6732\/revisions\/6733"}],"wp:attachment":[{"href":"https:\/\/ulliso.se\/blog\/index.php?rest_route=%2Fwp%2Fv2%2Fmedia&parent=6732"}],"wp:term":[{"taxonomy":"category","embeddable":true,"href":"https:\/\/ulliso.se\/blog\/index.php?rest_route=%2Fwp%2Fv2%2Fcategories&post=6732"},{"taxonomy":"post_tag","embeddable":true,"href":"https:\/\/ulliso.se\/blog\/index.php?rest_route=%2Fwp%2Fv2%2Ftags&post=6732"}],"curies":[{"name":"wp","href":"https:\/\/api.w.org\/{rel}","templated":true}]}}