{"id":6735,"date":"2022-03-12T18:55:02","date_gmt":"2022-03-12T17:55:02","guid":{"rendered":"https:\/\/ulliso.se\/blog\/?p=6735"},"modified":"2022-03-12T18:55:02","modified_gmt":"2022-03-12T17:55:02","slug":"efit-220312","status":"publish","type":"post","link":"https:\/\/ulliso.se\/blog\/?p=6735","title":{"rendered":"EFIT 220312"},"content":{"rendered":"\n<figure class=\"wp-block-gallery has-nested-images columns-default is-cropped\">\n<figure class=\"wp-block-image size-large\"><a href=\"https:\/\/ulliso.se\/blog\/wp-content\/uploads\/2022\/03\/08.00.jpg\"><img loading=\"lazy\" width=\"800\" height=\"964\" data-id=\"6747\"  src=\"https:\/\/ulliso.se\/blog\/wp-content\/uploads\/2022\/03\/08.00.jpg\" alt=\"\" class=\"wp-image-6747\" srcset=\"https:\/\/ulliso.se\/blog\/wp-content\/uploads\/2022\/03\/08.00.jpg 800w, https:\/\/ulliso.se\/blog\/wp-content\/uploads\/2022\/03\/08.00-249x300.jpg 249w, https:\/\/ulliso.se\/blog\/wp-content\/uploads\/2022\/03\/08.00-768x925.jpg 768w\" sizes=\"(max-width: 800px) 100vw, 800px\" \/><\/a><figcaption><strong>08.00<\/strong> Vaknar av att jag beh\u00f6ver g\u00e5 p\u00e5 toaletten. <\/figcaption><\/figure>\n\n\n\n<figure class=\"wp-block-image size-large\"><a href=\"https:\/\/ulliso.se\/blog\/wp-content\/uploads\/2022\/03\/11.00.jpg\"><img loading=\"lazy\" width=\"700\" height=\"1110\" data-id=\"6748\"  src=\"https:\/\/ulliso.se\/blog\/wp-content\/uploads\/2022\/03\/11.00.jpg\" alt=\"\" class=\"wp-image-6748\" srcset=\"https:\/\/ulliso.se\/blog\/wp-content\/uploads\/2022\/03\/11.00.jpg 700w, https:\/\/ulliso.se\/blog\/wp-content\/uploads\/2022\/03\/11.00-189x300.jpg 189w, https:\/\/ulliso.se\/blog\/wp-content\/uploads\/2022\/03\/11.00-646x1024.jpg 646w\" sizes=\"(max-width: 700px) 100vw, 700px\" \/><\/a><figcaption><strong>11.00<\/strong> Nu \u00e4r det dags att g\u00e5 upp!<\/figcaption><\/figure>\n\n\n\n<figure class=\"wp-block-image size-large\"><a href=\"https:\/\/ulliso.se\/blog\/wp-content\/uploads\/2022\/03\/12.00.jpg\"><img loading=\"lazy\" width=\"700\" height=\"804\" data-id=\"6749\"  src=\"https:\/\/ulliso.se\/blog\/wp-content\/uploads\/2022\/03\/12.00.jpg\" alt=\"\" class=\"wp-image-6749\" srcset=\"https:\/\/ulliso.se\/blog\/wp-content\/uploads\/2022\/03\/12.00.jpg 700w, https:\/\/ulliso.se\/blog\/wp-content\/uploads\/2022\/03\/12.00-261x300.jpg 261w\" sizes=\"(max-width: 700px) 100vw, 700px\" \/><\/a><figcaption><strong>12.00<\/strong> Fixar lite med den rena, torra tv\u00e4tten. <\/figcaption><\/figure>\n\n\n\n<figure class=\"wp-block-image size-large\"><a href=\"https:\/\/ulliso.se\/blog\/wp-content\/uploads\/2022\/03\/13.00.jpg\"><img loading=\"lazy\" width=\"700\" height=\"933\" data-id=\"6750\"  src=\"https:\/\/ulliso.se\/blog\/wp-content\/uploads\/2022\/03\/13.00.jpg\" alt=\"\" class=\"wp-image-6750\" srcset=\"https:\/\/ulliso.se\/blog\/wp-content\/uploads\/2022\/03\/13.00.jpg 700w, https:\/\/ulliso.se\/blog\/wp-content\/uploads\/2022\/03\/13.00-225x300.jpg 225w\" sizes=\"(max-width: 700px) 100vw, 700px\" \/><\/a><figcaption><strong>13.00<\/strong> Ska ut p\u00e5 en promenad. Ida ska f\u00f6lja med, s\u00e5 jag g\u00e5r upp till hennes l\u00e4genhet f\u00f6r att h\u00e4mta henne.<\/figcaption><\/figure>\n\n\n\n<figure class=\"wp-block-image size-large\"><a href=\"https:\/\/ulliso.se\/blog\/wp-content\/uploads\/2022\/03\/14.00.jpg\"><img loading=\"lazy\" width=\"700\" height=\"573\" data-id=\"6751\"  src=\"https:\/\/ulliso.se\/blog\/wp-content\/uploads\/2022\/03\/14.00.jpg\" alt=\"\" class=\"wp-image-6751\" srcset=\"https:\/\/ulliso.se\/blog\/wp-content\/uploads\/2022\/03\/14.00.jpg 700w, https:\/\/ulliso.se\/blog\/wp-content\/uploads\/2022\/03\/14.00-300x246.jpg 300w\" sizes=\"(max-width: 700px) 100vw, 700px\" \/><\/a><figcaption><strong>14.00<\/strong> Vi \u00e4r ute p\u00e5 promenaden. Det sitter folk ute p\u00e5 isen och pimplar. <\/figcaption><\/figure>\n\n\n\n<figure class=\"wp-block-image size-large\"><a href=\"https:\/\/ulliso.se\/blog\/wp-content\/uploads\/2022\/03\/15.00.jpg\"><img loading=\"lazy\" width=\"700\" height=\"966\" data-id=\"6752\"  src=\"https:\/\/ulliso.se\/blog\/wp-content\/uploads\/2022\/03\/15.00.jpg\" alt=\"\" class=\"wp-image-6752\" srcset=\"https:\/\/ulliso.se\/blog\/wp-content\/uploads\/2022\/03\/15.00.jpg 700w, https:\/\/ulliso.se\/blog\/wp-content\/uploads\/2022\/03\/15.00-217x300.jpg 217w\" sizes=\"(max-width: 700px) 100vw, 700px\" \/><\/a><figcaption><strong>15.00 <\/strong>Vilar mina tr\u00f6tta promenadben i massagestolen. <\/figcaption><\/figure>\n\n\n\n<figure class=\"wp-block-image size-large\"><a href=\"https:\/\/ulliso.se\/blog\/wp-content\/uploads\/2022\/03\/16.00.png\"><img loading=\"lazy\" width=\"700\" height=\"933\" data-id=\"6753\"  src=\"https:\/\/ulliso.se\/blog\/wp-content\/uploads\/2022\/03\/16.00.png\" alt=\"\" class=\"wp-image-6753\" srcset=\"https:\/\/ulliso.se\/blog\/wp-content\/uploads\/2022\/03\/16.00.png 700w, https:\/\/ulliso.se\/blog\/wp-content\/uploads\/2022\/03\/16.00-225x300.png 225w\" sizes=\"(max-width: 700px) 100vw, 700px\" \/><\/a><figcaption>1<strong>6.00<\/strong> Spelar lite mobilspel efter middagen. <\/figcaption><\/figure>\n\n\n\n<figure class=\"wp-block-image size-large\"><a href=\"https:\/\/ulliso.se\/blog\/wp-content\/uploads\/2022\/03\/17.00.jpg\"><img loading=\"lazy\" width=\"700\" height=\"1043\" data-id=\"6754\"  src=\"https:\/\/ulliso.se\/blog\/wp-content\/uploads\/2022\/03\/17.00.jpg\" alt=\"\" class=\"wp-image-6754\" srcset=\"https:\/\/ulliso.se\/blog\/wp-content\/uploads\/2022\/03\/17.00.jpg 700w, https:\/\/ulliso.se\/blog\/wp-content\/uploads\/2022\/03\/17.00-201x300.jpg 201w, https:\/\/ulliso.se\/blog\/wp-content\/uploads\/2022\/03\/17.00-687x1024.jpg 687w\" sizes=\"(max-width: 700px) 100vw, 700px\" \/><\/a><figcaption><strong>17.00 <\/strong>Dags att ta en dusch. <\/figcaption><\/figure>\n\n\n\n<figure class=\"wp-block-image size-large\"><a href=\"https:\/\/ulliso.se\/blog\/wp-content\/uploads\/2022\/03\/18.00.jpg\"><img loading=\"lazy\" width=\"700\" height=\"933\" data-id=\"6755\"  src=\"https:\/\/ulliso.se\/blog\/wp-content\/uploads\/2022\/03\/18.00.jpg\" alt=\"\" class=\"wp-image-6755\" srcset=\"https:\/\/ulliso.se\/blog\/wp-content\/uploads\/2022\/03\/18.00.jpg 700w, https:\/\/ulliso.se\/blog\/wp-content\/uploads\/2022\/03\/18.00-225x300.jpg 225w\" sizes=\"(max-width: 700px) 100vw, 700px\" \/><\/a><figcaption><strong>18.00<\/strong> S\u00e4tter mig h\u00e4r f\u00f6r att l\u00e4gga upp min EFIT-dag. <\/figcaption><\/figure>\n<\/figure>\n\n\n\n<p><\/p>\n","protected":false},"excerpt":{"rendered":"","protected":false},"author":1,"featured_media":0,"comment_status":"open","ping_status":"open","sticky":false,"template":"","format":"standard","meta":{"ngg_post_thumbnail":0},"categories":[6],"tags":[],"_links":{"self":[{"href":"https:\/\/ulliso.se\/blog\/index.php?rest_route=\/wp\/v2\/posts\/6735"}],"collection":[{"href":"https:\/\/ulliso.se\/blog\/index.php?rest_route=\/wp\/v2\/posts"}],"about":[{"href":"https:\/\/ulliso.se\/blog\/index.php?rest_route=\/wp\/v2\/types\/post"}],"author":[{"embeddable":true,"href":"https:\/\/ulliso.se\/blog\/index.php?rest_route=\/wp\/v2\/users\/1"}],"replies":[{"embeddable":true,"href":"https:\/\/ulliso.se\/blog\/index.php?rest_route=%2Fwp%2Fv2%2Fcomments&post=6735"}],"version-history":[{"count":1,"href":"https:\/\/ulliso.se\/blog\/index.php?rest_route=\/wp\/v2\/posts\/6735\/revisions"}],"predecessor-version":[{"id":6756,"href":"https:\/\/ulliso.se\/blog\/index.php?rest_route=\/wp\/v2\/posts\/6735\/revisions\/6756"}],"wp:attachment":[{"href":"https:\/\/ulliso.se\/blog\/index.php?rest_route=%2Fwp%2Fv2%2Fmedia&parent=6735"}],"wp:term":[{"taxonomy":"category","embeddable":true,"href":"https:\/\/ulliso.se\/blog\/index.php?rest_route=%2Fwp%2Fv2%2Fcategories&post=6735"},{"taxonomy":"post_tag","embeddable":true,"href":"https:\/\/ulliso.se\/blog\/index.php?rest_route=%2Fwp%2Fv2%2Ftags&post=6735"}],"curies":[{"name":"wp","href":"https:\/\/api.w.org\/{rel}","templated":true}]}}