{"id":708,"date":"2010-01-22T01:21:36","date_gmt":"2010-01-22T00:21:36","guid":{"rendered":"http:\/\/ulliso.se\/blog\/?p=708"},"modified":"2010-01-22T01:59:37","modified_gmt":"2010-01-22T00:59:37","slug":"magiskt","status":"publish","type":"post","link":"https:\/\/ulliso.se\/blog\/?p=708","title":{"rendered":"Magiskt"},"content":{"rendered":"<p>S\u00e5g p\u00e5 <em>P3 Guld 2010 <\/em> p\u00e5 SVT i tisdags.<\/p>\n<p>D\u00e4r upptr\u00e4dde en f\u00f6r mig (d\u00e5) ok\u00e4nd kille, <a href=\"http:\/\/www.jonathanjohansson.se\/\" target=\"_blank\">Jonathan Johansson<\/a>. Jag blev helt betagen i denna l\u00e5ten.<\/p>\n<p><object classid=\"clsid:d27cdb6e-ae6d-11cf-96b8-444553540000\" width=\"560\" height=\"340\" codebase=\"http:\/\/download.macromedia.com\/pub\/shockwave\/cabs\/flash\/swflash.cab#version=6,0,40,0\"><param name=\"allowFullScreen\" value=\"true\" \/><param name=\"allowscriptaccess\" value=\"always\" \/><param name=\"src\" value=\"http:\/\/www.youtube.com\/v\/KeO4tM9Fxss&amp;hl=sv_SE&amp;fs=1&amp;\" \/><param name=\"allowfullscreen\" value=\"true\" \/><embed type=\"application\/x-shockwave-flash\" width=\"560\" height=\"340\" src=\"http:\/\/www.youtube.com\/v\/KeO4tM9Fxss&amp;hl=sv_SE&amp;fs=1&amp;\" allowscriptaccess=\"always\" allowfullscreen=\"true\"><\/embed><\/object><\/p>\n<p><em>I det fina tunna ljuset<br \/>\nSt\u00e5r jag och v\u00e4ntar tyst<br \/>\nSommaren \u00e4r framf\u00f6r<br \/>\nKvarteret n\u00e4stan t\u00f6mt<br \/>\nP\u00e5 m\u00e4nniskor och k\u00e4nslor<br \/>\nIngen r\u00f6relse n\u00e5gonstans<\/em><\/p>\n<p><em>Aldrig, aldrig ensam<br \/>\nAlltid ensam h\u00e4r<br \/>\nAldrig, aldrig ensam<\/em><\/p>\n<p><em>Men den fina tunna linjen<br \/>\nMellan v\u00e5ran v\u00e4rld och din<br \/>\nSk\u00e4r igenom varje ljud<br \/>\nGenom varje utstr\u00e4ckt tanke<br \/>\nVarje ansats att f\u00f6rst\u00e5<br \/>\nVarje s\u00e5ng jag n\u00e5gonsin sj\u00f6ng<\/em><\/p>\n<p><em>Aldrig, aldrig ensam<br \/>\nAlltid ensam h\u00e4r<br \/>\nAldrig, aldrig ensam<\/em><\/p>\n<p><em>Jag har l\u00e4ngtat efter v\u00e5rt<br \/>\nEfter h\u00e4nder med f\u00f6rnedring<br \/>\nMen den stora stora r\u00e4dslan<br \/>\n\u00c4r inte h\u00e4r ikv\u00e4ll<br \/>\nOch det ekar mellan husen<br \/>\nIngen r\u00f6relse n\u00e5gonstans<br \/>\nBara fina tunna ljuset<br \/>\nMellan v\u00e5ran v\u00e4rld och din<\/em><\/p>\n<p><em>Aldrig, aldrig ensam<br \/>\nAlltid ensam h\u00e4r<br \/>\nAldrig, aldrig ensam<\/em><\/p>\n<p><em>Aldrig, aldrig ensam<br \/>\nAlltid ensam h\u00e4r<br \/>\nAldrig, aldrig ensam<\/em><\/p>\n","protected":false},"excerpt":{"rendered":"<p>S\u00e5g p\u00e5 P3 Guld 2010 p\u00e5 SVT i tisdags. D\u00e4r upptr\u00e4dde en f\u00f6r mig (d\u00e5) ok\u00e4nd kille, Jonathan Johansson. Jag blev helt betagen i denna l\u00e5ten. I det fina tunna ljuset St\u00e5r jag och v\u00e4ntar tyst Sommaren \u00e4r framf\u00f6r Kvarteret n\u00e4stan t\u00f6mt P\u00e5 m\u00e4nniskor och k\u00e4nslor Ingen r\u00f6relse n\u00e5gonstans Aldrig, aldrig ensam Alltid ensam h\u00e4r [&hellip;]<\/p>\n","protected":false},"author":1,"featured_media":0,"comment_status":"open","ping_status":"open","sticky":false,"template":"","format":"standard","meta":{"ngg_post_thumbnail":0},"categories":[12],"tags":[],"_links":{"self":[{"href":"https:\/\/ulliso.se\/blog\/index.php?rest_route=\/wp\/v2\/posts\/708"}],"collection":[{"href":"https:\/\/ulliso.se\/blog\/index.php?rest_route=\/wp\/v2\/posts"}],"about":[{"href":"https:\/\/ulliso.se\/blog\/index.php?rest_route=\/wp\/v2\/types\/post"}],"author":[{"embeddable":true,"href":"https:\/\/ulliso.se\/blog\/index.php?rest_route=\/wp\/v2\/users\/1"}],"replies":[{"embeddable":true,"href":"https:\/\/ulliso.se\/blog\/index.php?rest_route=%2Fwp%2Fv2%2Fcomments&post=708"}],"version-history":[{"count":7,"href":"https:\/\/ulliso.se\/blog\/index.php?rest_route=\/wp\/v2\/posts\/708\/revisions"}],"predecessor-version":[{"id":715,"href":"https:\/\/ulliso.se\/blog\/index.php?rest_route=\/wp\/v2\/posts\/708\/revisions\/715"}],"wp:attachment":[{"href":"https:\/\/ulliso.se\/blog\/index.php?rest_route=%2Fwp%2Fv2%2Fmedia&parent=708"}],"wp:term":[{"taxonomy":"category","embeddable":true,"href":"https:\/\/ulliso.se\/blog\/index.php?rest_route=%2Fwp%2Fv2%2Fcategories&post=708"},{"taxonomy":"post_tag","embeddable":true,"href":"https:\/\/ulliso.se\/blog\/index.php?rest_route=%2Fwp%2Fv2%2Ftags&post=708"}],"curies":[{"name":"wp","href":"https:\/\/api.w.org\/{rel}","templated":true}]}}