{"id":764,"date":"2010-02-08T18:55:21","date_gmt":"2010-02-08T17:55:21","guid":{"rendered":"http:\/\/ulliso.se\/blog\/?p=764"},"modified":"2010-02-08T21:26:56","modified_gmt":"2010-02-08T20:26:56","slug":"tillbakablick-februari","status":"publish","type":"post","link":"https:\/\/ulliso.se\/blog\/?p=764","title":{"rendered":"Tillbakablick &#8211; februari 2009"},"content":{"rendered":"<p>Min bild \u00e4r tagen p\u00e5 <em>Alla Hj\u00e4rtans Dag<\/em> f\u00f6rra \u00e5ret.<\/p>\n<p><strong>D\u00e5<\/strong> hade jag \u00e4nnu ingen aning om den stora f\u00f6r\u00e4ndring som snart skulle ske i mitt liv (man vet ju s\u00e4llan om s\u00e5nt innan f\u00f6rst\u00e5s ;) ). P\u00e5 tal om Alla Hj\u00e4rtans Dag och k\u00e4rlek, s\u00e5 k\u00e4nde jag\u00a0mig som den eviga singeln just <em>d\u00e5, <\/em>2009. T\u00e4nkte att jag aldrig mer ville sl\u00e4ppa in n\u00e5gon ny man i mitt liv.<\/p>\n<p>T\u00e4nk s\u00e5 annorlunda det blivit sen dess. :) I mars 2009, en m\u00e5nad senare, s\u00e5 b\u00f6rjade Jonas och jag chatta p\u00e5 allvar. Och nu, ett \u00e5r senare, s\u00e5 tar vi ett nytt, <strong>stort<\/strong> steg i v\u00e5r relation. ;) Mer \u00e4n s\u00e5 avsl\u00f6jar jag inte i nul\u00e4get. ;)<\/p>\n<p><a href=\"https:\/\/ulliso.se\/blog\/wp-content\/uploads\/2010\/02\/090214_10.jpg\"><img loading=\"lazy\" class=\"alignnone size-medium wp-image-765\" src=\"https:\/\/ulliso.se\/blog\/wp-content\/uploads\/2010\/02\/090214_10-300x233.jpg\" alt=\"\" width=\"300\" height=\"233\" srcset=\"https:\/\/ulliso.se\/blog\/wp-content\/uploads\/2010\/02\/090214_10-300x233.jpg 300w, https:\/\/ulliso.se\/blog\/wp-content\/uploads\/2010\/02\/090214_10.jpg 948w\" sizes=\"(max-width: 300px) 100vw, 300px\" \/><\/a><\/p>\n<p>Vill <strong>DU<\/strong> vara med i &#8221;<em>Tillbakablick<\/em>&#8221;? G\u00e5 d\u00e5 <a href=\"http:\/\/exponerat.blogspot.com\/search\/label\/Tema%20tillbakablick\" target=\"_blank\">HIT<\/a> och anm\u00e4l dig!<\/p>\n","protected":false},"excerpt":{"rendered":"<p>Min bild \u00e4r tagen p\u00e5 Alla Hj\u00e4rtans Dag f\u00f6rra \u00e5ret. D\u00e5 hade jag \u00e4nnu ingen aning om den stora f\u00f6r\u00e4ndring som snart skulle ske i mitt liv (man vet ju s\u00e4llan om s\u00e5nt innan f\u00f6rst\u00e5s ;) ). P\u00e5 tal om Alla Hj\u00e4rtans Dag och k\u00e4rlek, s\u00e5 k\u00e4nde jag\u00a0mig som den eviga singeln just d\u00e5, 2009. [&hellip;]<\/p>\n","protected":false},"author":1,"featured_media":0,"comment_status":"open","ping_status":"open","sticky":false,"template":"","format":"standard","meta":{"ngg_post_thumbnail":0},"categories":[15],"tags":[],"_links":{"self":[{"href":"https:\/\/ulliso.se\/blog\/index.php?rest_route=\/wp\/v2\/posts\/764"}],"collection":[{"href":"https:\/\/ulliso.se\/blog\/index.php?rest_route=\/wp\/v2\/posts"}],"about":[{"href":"https:\/\/ulliso.se\/blog\/index.php?rest_route=\/wp\/v2\/types\/post"}],"author":[{"embeddable":true,"href":"https:\/\/ulliso.se\/blog\/index.php?rest_route=\/wp\/v2\/users\/1"}],"replies":[{"embeddable":true,"href":"https:\/\/ulliso.se\/blog\/index.php?rest_route=%2Fwp%2Fv2%2Fcomments&post=764"}],"version-history":[{"count":8,"href":"https:\/\/ulliso.se\/blog\/index.php?rest_route=\/wp\/v2\/posts\/764\/revisions"}],"predecessor-version":[{"id":773,"href":"https:\/\/ulliso.se\/blog\/index.php?rest_route=\/wp\/v2\/posts\/764\/revisions\/773"}],"wp:attachment":[{"href":"https:\/\/ulliso.se\/blog\/index.php?rest_route=%2Fwp%2Fv2%2Fmedia&parent=764"}],"wp:term":[{"taxonomy":"category","embeddable":true,"href":"https:\/\/ulliso.se\/blog\/index.php?rest_route=%2Fwp%2Fv2%2Fcategories&post=764"},{"taxonomy":"post_tag","embeddable":true,"href":"https:\/\/ulliso.se\/blog\/index.php?rest_route=%2Fwp%2Fv2%2Ftags&post=764"}],"curies":[{"name":"wp","href":"https:\/\/api.w.org\/{rel}","templated":true}]}}